{"id":62339,"date":"2016-09-25T12:25:21","date_gmt":"2016-09-25T15:25:21","guid":{"rendered":"http:\/\/www.elsindical.com.ar\/notas\/?p=62339"},"modified":"2016-09-25T12:25:21","modified_gmt":"2016-09-25T15:25:21","slug":"gobierno-extendera-el-plan-ahora-12-hasta-el-31-de-enero","status":"publish","type":"post","link":"https:\/\/www.elsindical.com.ar\/notas\/gobierno-extendera-el-plan-ahora-12-hasta-el-31-de-enero\/","title":{"rendered":"Gobierno extender\u00e1 el plan Ahora 12 hasta el 31 de enero"},"content":{"rendered":"<h5><em>\u00a0<a href=\"http:\/\/www.elsindical.com.ar\/notas\/var\/www\/html\/notas\/wp-content\/uploads\/2016\/09\/Plan-Ahora-12.jpg\"><img loading=\"lazy\" decoding=\"async\" class=\"alignnone size-medium wp-image-62340\" src=\"http:\/\/www.elsindical.com.ar\/notas\/var\/www\/html\/notas\/wp-content\/uploads\/2016\/09\/Plan-Ahora-12-300x169.jpg\" alt=\"plan-ahora-12\" width=\"300\" height=\"169\" srcset=\"https:\/\/www.elsindical.com.ar\/notas\/var\/www\/html\/notas\/wp-content\/uploads\/2016\/09\/Plan-Ahora-12-300x169.jpg 300w, https:\/\/www.elsindical.com.ar\/notas\/var\/www\/html\/notas\/wp-content\/uploads\/2016\/09\/Plan-Ahora-12-500x282.jpg 500w, https:\/\/www.elsindical.com.ar\/notas\/var\/www\/html\/notas\/wp-content\/uploads\/2016\/09\/Plan-Ahora-12.jpg 620w\" sizes=\"auto, (max-width: 300px) 100vw, 300px\" \/><\/a> As\u00ed lo confirm\u00f3 la secretar\u00eda de Comercio del Ministerio de Producci\u00f3n. A partir de octubre tambi\u00e9n incluir\u00e1 la venta de juguetes y juegos de mesa. Busca sostener el consumo.<\/em><\/h5>\n<p>El gobierno nacional extender\u00e1 el plan de pagos de compras en cuotas \u00abAhora 12\u00bb hasta el 31 de enero, con el fin de impulsar el consumo y la producci\u00f3n, mientras a partir de octubre incluir\u00e1 la venta de juguetes y juegos de mesa.<\/p>\n<p>As\u00ed lo revel\u00f3 hoy la secretar\u00eda de Comercio del Ministerio de Producci\u00f3n al se\u00f1alar que la renovaci\u00f3n del programa de fomento de consumo ser\u00e1 publicada esta semana en el Bolet\u00edn Oficial.<\/p>\n<p>Adem\u00e1s, indic\u00f3 que desde el inicio del programa creado por el kirchnerismo hasta a agosto 2016 hubo m\u00e1s de 85 mil millones de pesos que se movieron en m\u00e1s de 39 millones de operaciones.<\/p>\n","protected":false},"excerpt":{"rendered":"<p>\u00a0 As\u00ed lo confirm\u00f3 la secretar\u00eda de Comercio del Ministerio de Producci\u00f3n. A partir de octubre tambi\u00e9n incluir\u00e1 la venta de juguetes y juegos de mesa. Busca sostener el consumo. El gobierno nacional extender\u00e1 el plan de pagos de compras en cuotas \u00abAhora 12\u00bb hasta el 31 de enero, con el fin de impulsar el&hellip;<\/p>\n","protected":false},"author":1,"featured_media":0,"comment_status":"open","ping_status":"open","sticky":false,"template":"","format":"standard","meta":{"footnotes":""},"categories":[9],"tags":[],"class_list":["post-62339","post","type-post","status-publish","format-standard","hentry","category-economia"],"_links":{"self":[{"href":"https:\/\/www.elsindical.com.ar\/notas\/wp-json\/wp\/v2\/posts\/62339","targetHints":{"allow":["GET"]}}],"collection":[{"href":"https:\/\/www.elsindical.com.ar\/notas\/wp-json\/wp\/v2\/posts"}],"about":[{"href":"https:\/\/www.elsindical.com.ar\/notas\/wp-json\/wp\/v2\/types\/post"}],"author":[{"embeddable":true,"href":"https:\/\/www.elsindical.com.ar\/notas\/wp-json\/wp\/v2\/users\/1"}],"replies":[{"embeddable":true,"href":"https:\/\/www.elsindical.com.ar\/notas\/wp-json\/wp\/v2\/comments?post=62339"}],"version-history":[{"count":1,"href":"https:\/\/www.elsindical.com.ar\/notas\/wp-json\/wp\/v2\/posts\/62339\/revisions"}],"predecessor-version":[{"id":62341,"href":"https:\/\/www.elsindical.com.ar\/notas\/wp-json\/wp\/v2\/posts\/62339\/revisions\/62341"}],"wp:attachment":[{"href":"https:\/\/www.elsindical.com.ar\/notas\/wp-json\/wp\/v2\/media?parent=62339"}],"wp:term":[{"taxonomy":"category","embeddable":true,"href":"https:\/\/www.elsindical.com.ar\/notas\/wp-json\/wp\/v2\/categories?post=62339"},{"taxonomy":"post_tag","embeddable":true,"href":"https:\/\/www.elsindical.com.ar\/notas\/wp-json\/wp\/v2\/tags?post=62339"}],"curies":[{"name":"wp","href":"https:\/\/api.w.org\/{rel}","templated":true}]}}