{"id":62173,"date":"2016-09-15T17:44:31","date_gmt":"2016-09-15T20:44:31","guid":{"rendered":"http:\/\/www.elsindical.com.ar\/notas\/?p=62173"},"modified":"2016-09-15T17:44:31","modified_gmt":"2016-09-15T20:44:31","slug":"camionero-violo-a-una-joven-que-hacia-dedo-en-la-ruta-2","status":"publish","type":"post","link":"https:\/\/www.elsindical.com.ar\/notas\/camionero-violo-a-una-joven-que-hacia-dedo-en-la-ruta-2\/","title":{"rendered":"Camionero viol\u00f3 a una joven que \u201chac\u00eda dedo\u201d en la ruta 2"},"content":{"rendered":"<p><em>\u00a0<a href=\"http:\/\/www.elsindical.com.ar\/notas\/var\/www\/html\/notas\/wp-content\/uploads\/2016\/09\/destacamento-vial-Ruta-2.jpg\"><img loading=\"lazy\" decoding=\"async\" class=\"alignnone size-medium wp-image-62174\" src=\"http:\/\/www.elsindical.com.ar\/notas\/var\/www\/html\/notas\/wp-content\/uploads\/2016\/09\/destacamento-vial-Ruta-2-300x172.jpg\" alt=\"destacamento-vial-ruta-2\" width=\"300\" height=\"172\" srcset=\"https:\/\/www.elsindical.com.ar\/notas\/var\/www\/html\/notas\/wp-content\/uploads\/2016\/09\/destacamento-vial-Ruta-2-300x172.jpg 300w, https:\/\/www.elsindical.com.ar\/notas\/var\/www\/html\/notas\/wp-content\/uploads\/2016\/09\/destacamento-vial-Ruta-2-500x286.jpg 500w, https:\/\/www.elsindical.com.ar\/notas\/var\/www\/html\/notas\/wp-content\/uploads\/2016\/09\/destacamento-vial-Ruta-2.jpg 620w\" sizes=\"auto, (max-width: 300px) 100vw, 300px\" \/><\/a> El hecho ocurri\u00f3 en Vivorat\u00e1 luego de que la v\u00edctima, de 18 a\u00f1os, abordara el veh\u00edculo a la salida de Mar del Plata. El agresor, que la dobla en edad y es de origen chileno, fue detenido en Coronel Vidal.<\/em><\/p>\n<p style=\"margin: 0px 0px 20px; color: black; text-transform: none; line-height: 24px; text-indent: 0px; letter-spacing: normal; font-family: 'Open Sans', sans-serif; font-size: 16px; font-style: normal; font-weight: normal; word-spacing: 0px; white-space: normal; box-sizing: border-box; orphans: 2; widows: 2; background-color: #ffffff; font-variant-ligatures: normal; font-variant-caps: normal; -webkit-text-stroke-width: 0px;\">Un camionero chileno viol\u00f3 ayer a una joven de 18 a\u00f1os que hab\u00eda abordado su veh\u00edculo en la ruta 2, cuando \u201chac\u00eda dedo\u201d a la salida de Mar del Plata, y fue detenido en Coronel Vidal.<\/p>\n<p style=\"margin: 0px 0px 20px; color: black; text-transform: none; line-height: 24px; text-indent: 0px; letter-spacing: normal; font-family: 'Open Sans', sans-serif; font-size: 16px; font-style: normal; font-weight: normal; word-spacing: 0px; white-space: normal; box-sizing: border-box; orphans: 2; widows: 2; background-color: #ffffff; font-variant-ligatures: normal; font-variant-caps: normal; -webkit-text-stroke-width: 0px;\">En realidad, el abuso sexual se produjo a la altura de Vivorat\u00e1, cuando el agresor detuvo el cami\u00f3n a un costado de la autov\u00eda. El hecho se registr\u00f3 pasado el mediod\u00eda de ayer, cuando alrededor de las 13 la mujer que hab\u00eda llegado a la ciudad para visitar a una t\u00eda, decidi\u00f3 emprender el camino de regreso a su localidad de origen, ubicada en el Partido de Mar Chiquita.<\/p>\n<p style=\"margin: 0px 0px 20px; color: black; text-transform: none; line-height: 24px; text-indent: 0px; letter-spacing: normal; font-family: 'Open Sans', sans-serif; font-size: 16px; font-style: normal; font-weight: normal; word-spacing: 0px; white-space: normal; box-sizing: border-box; orphans: 2; widows: 2; background-color: #ffffff; font-variant-ligatures: normal; font-variant-caps: normal; -webkit-text-stroke-width: 0px;\">Seg\u00fan informaron fuentes extraoficiales a LA CAPITAL, no bien se sent\u00f3 en el asiento de acompa\u00f1ante del rodado y se inici\u00f3 el viaje la joven comenz\u00f3 a notar actitudes extra\u00f1as en el chofer, un chileno de 50 a\u00f1os. Fue por eso que le escribi\u00f3 a una amiga suya que vive en Tandil a trav\u00e9s de Whatsapp, el sistema de mensajer\u00eda instant\u00e1nea de telefon\u00eda celular, y le advirti\u00f3 que ten\u00eda miedo de que el camionero quisiera abusar de ella.<\/p>\n<p style=\"margin: 0px 0px 20px; color: black; text-transform: none; line-height: 24px; text-indent: 0px; letter-spacing: normal; font-family: 'Open Sans', sans-serif; font-size: 16px; font-style: normal; font-weight: normal; word-spacing: 0px; white-space: normal; box-sizing: border-box; orphans: 2; widows: 2; background-color: #ffffff; font-variant-ligatures: normal; font-variant-caps: normal; -webkit-text-stroke-width: 0px;\">A la altura de Vivorat\u00e1, lo que la joven tem\u00eda se hizo realidad: el hombre detuvo la marcha del veh\u00edculo, asegur\u00f3 las cerraduras y la viol\u00f3. Luego, decidi\u00f3 continuar el viaje por la ruta 2, en sentido a Buenos Aires. A 100 metros de Coronel Vidal, la v\u00edctima logr\u00f3 saltar del cami\u00f3n y escaparse.<\/p>\n<p style=\"margin: 0px 0px 20px; color: black; text-transform: none; line-height: 24px; text-indent: 0px; letter-spacing: normal; font-family: 'Open Sans', sans-serif; font-size: 16px; font-style: normal; font-weight: normal; word-spacing: 0px; white-space: normal; box-sizing: border-box; orphans: 2; widows: 2; background-color: #ffffff; font-variant-ligatures: normal; font-variant-caps: normal; -webkit-text-stroke-width: 0px;\">Por su parte, el agresor sigui\u00f3 su trayecto pero para ese entonces la polic\u00eda ya hab\u00eda sido alertada de lo que ocurr\u00eda y ten\u00eda montado un operativo cerrojo. Conforme trascendi\u00f3, la madre de la joven -alertada por la amiga de Tandil- ya hab\u00eda llamado al 911 y los uniformados del puesto caminero aguardaban que el cami\u00f3n cruzara por ese lugar para requisarlo.<\/p>\n<p style=\"margin: 0px 0px 20px; color: black; text-transform: none; line-height: 24px; text-indent: 0px; letter-spacing: normal; font-family: 'Open Sans', sans-serif; font-size: 16px; font-style: normal; font-weight: normal; word-spacing: 0px; white-space: normal; box-sizing: border-box; orphans: 2; widows: 2; background-color: #ffffff; font-variant-ligatures: normal; font-variant-caps: normal; -webkit-text-stroke-width: 0px;\">Cuando el procedimiento se produjo, el transportista not\u00f3 que iba a ser detenido e intent\u00f3 escaparse. Pero no lo logr\u00f3 y, momentos m\u00e1s tarde, al registrarse la denuncia de la joven, qued\u00f3 a disposici\u00f3n de la Justicia.<\/p>\n<p style=\"margin: 0px 0px 20px; color: black; text-transform: none; line-height: 24px; text-indent: 0px; letter-spacing: normal; font-family: 'Open Sans', sans-serif; font-size: 16px; font-style: normal; font-weight: normal; word-spacing: 0px; white-space: normal; box-sizing: border-box; orphans: 2; widows: 2; background-color: #ffffff; font-variant-ligatures: normal; font-variant-caps: normal; -webkit-text-stroke-width: 0px;\">La investigaci\u00f3n del caso recay\u00f3 en la Fiscal\u00eda Descentralizada, a cargo de Diego Benedetti, quien orden\u00f3 el traslado del aprehendido a la Unidad Penitenciaria N\u00ba 44 de Bat\u00e1n luego de que los m\u00e9dicos especialistas constataran que la mujer presentaba signos f\u00edsicos y psicol\u00f3gicos de haber sido violada. En esa l\u00ednea, imput\u00f3 al camionero en una causa por el delito de \u201cabuso sexual con acceso carnal\u201d y hoy le tomar\u00e1 declaraci\u00f3n indagatoria en Tribunales.<\/p>\n<p style=\"margin: 0px 0px 20px; color: black; text-transform: none; line-height: 24px; text-indent: 0px; letter-spacing: normal; font-family: 'Open Sans', sans-serif; font-size: 16px; font-style: normal; font-weight: normal; word-spacing: 0px; white-space: normal; box-sizing: border-box; orphans: 2; widows: 2; background-color: #ffffff; font-variant-ligatures: normal; font-variant-caps: normal; -webkit-text-stroke-width: 0px;\">De acuerdo a los datos que pudo recabar LA CAPITAL, anoche los investigadores ten\u00edan por acreditado que el detenido es de origen chileno al igual que la empresa propietaria del cami\u00f3n, radicado en el vecino pa\u00eds. Al parecer, hab\u00eda llegado hasta Mar del Plata para descargar un contenedor en el Puerto.<\/p>\n<p style=\"margin: 0px 0px 20px; color: black; text-transform: none; line-height: 24px; text-indent: 0px; letter-spacing: normal; font-family: 'Open Sans', sans-serif; font-size: 16px; font-style: normal; font-weight: normal; word-spacing: 0px; white-space: normal; box-sizing: border-box; orphans: 2; widows: 2; background-color: #ffffff; font-variant-ligatures: normal; font-variant-caps: normal; -webkit-text-stroke-width: 0px;\">Por su parte, la v\u00edctima se reencontr\u00f3 con sus familiares y fue asistida por especialistas. En las pr\u00f3ximas horas, los miembros de la fiscal\u00eda tambi\u00e9n le tomar\u00e1n declaraci\u00f3n.<\/p>\n<p style=\"margin: 0px 0px 20px; color: black; text-transform: none; line-height: 24px; text-indent: 0px; letter-spacing: normal; font-family: 'Open Sans', sans-serif; font-size: 16px; font-style: normal; font-weight: normal; word-spacing: 0px; white-space: normal; box-sizing: border-box; orphans: 2; widows: 2; background-color: #ffffff; font-variant-ligatures: normal; font-variant-caps: normal; -webkit-text-stroke-width: 0px;\">\n<p style=\"margin: 0px 0px 20px; color: black; text-transform: none; line-height: 24px; text-indent: 0px; letter-spacing: normal; font-family: 'Open Sans', sans-serif; font-size: 16px; font-style: normal; font-weight: normal; word-spacing: 0px; white-space: normal; box-sizing: border-box; orphans: 2; widows: 2; background-color: #ffffff; font-variant-ligatures: normal; font-variant-caps: normal; -webkit-text-stroke-width: 0px;\"><strong>Fuente: Diario La Capital<\/strong><\/p>\n","protected":false},"excerpt":{"rendered":"<p>\u00a0 El hecho ocurri\u00f3 en Vivorat\u00e1 luego de que la v\u00edctima, de 18 a\u00f1os, abordara el veh\u00edculo a la salida de Mar del Plata. El agresor, que la dobla en edad y es de origen chileno, fue detenido en Coronel Vidal. Un camionero chileno viol\u00f3 ayer a una joven de 18 a\u00f1os que hab\u00eda abordado&hellip;<\/p>\n","protected":false},"author":1,"featured_media":0,"comment_status":"open","ping_status":"open","sticky":false,"template":"","format":"standard","meta":{"footnotes":""},"categories":[22],"tags":[6115,20315,20314,1673,30,271,8943],"class_list":["post-62173","post","type-post","status-publish","format-standard","hentry","category-policiales","tag-camionero","tag-coronel-vidal","tag-mar-chiquita","tag-mar-del-plata","tag-policia","tag-violacion","tag-vivorata"],"_links":{"self":[{"href":"https:\/\/www.elsindical.com.ar\/notas\/wp-json\/wp\/v2\/posts\/62173","targetHints":{"allow":["GET"]}}],"collection":[{"href":"https:\/\/www.elsindical.com.ar\/notas\/wp-json\/wp\/v2\/posts"}],"about":[{"href":"https:\/\/www.elsindical.com.ar\/notas\/wp-json\/wp\/v2\/types\/post"}],"author":[{"embeddable":true,"href":"https:\/\/www.elsindical.com.ar\/notas\/wp-json\/wp\/v2\/users\/1"}],"replies":[{"embeddable":true,"href":"https:\/\/www.elsindical.com.ar\/notas\/wp-json\/wp\/v2\/comments?post=62173"}],"version-history":[{"count":1,"href":"https:\/\/www.elsindical.com.ar\/notas\/wp-json\/wp\/v2\/posts\/62173\/revisions"}],"predecessor-version":[{"id":62175,"href":"https:\/\/www.elsindical.com.ar\/notas\/wp-json\/wp\/v2\/posts\/62173\/revisions\/62175"}],"wp:attachment":[{"href":"https:\/\/www.elsindical.com.ar\/notas\/wp-json\/wp\/v2\/media?parent=62173"}],"wp:term":[{"taxonomy":"category","embeddable":true,"href":"https:\/\/www.elsindical.com.ar\/notas\/wp-json\/wp\/v2\/categories?post=62173"},{"taxonomy":"post_tag","embeddable":true,"href":"https:\/\/www.elsindical.com.ar\/notas\/wp-json\/wp\/v2\/tags?post=62173"}],"curies":[{"name":"wp","href":"https:\/\/api.w.org\/{rel}","templated":true}]}}