{"id":62075,"date":"2016-09-12T15:27:37","date_gmt":"2016-09-12T18:27:37","guid":{"rendered":"http:\/\/www.elsindical.com.ar\/notas\/?p=62075"},"modified":"2016-09-12T15:27:37","modified_gmt":"2016-09-12T18:27:37","slug":"lomas-de-zamora-murio-el-hombre-baleado-en-temperley","status":"publish","type":"post","link":"https:\/\/www.elsindical.com.ar\/notas\/lomas-de-zamora-murio-el-hombre-baleado-en-temperley\/","title":{"rendered":"Lomas de Zamora: Muri\u00f3 el hombre baleado en Temperley"},"content":{"rendered":"<p><em><a href=\"http:\/\/www.elsindical.com.ar\/notas\/var\/www\/html\/notas\/wp-content\/uploads\/2016\/09\/baleado-en-Temperley.jpg\"><img loading=\"lazy\" decoding=\"async\" class=\"alignnone size-medium wp-image-62076\" src=\"http:\/\/www.elsindical.com.ar\/notas\/var\/www\/html\/notas\/wp-content\/uploads\/2016\/09\/baleado-en-Temperley-300x169.jpg\" alt=\"baleado-en-temperley\" width=\"300\" height=\"169\" srcset=\"https:\/\/www.elsindical.com.ar\/notas\/var\/www\/html\/notas\/wp-content\/uploads\/2016\/09\/baleado-en-Temperley-300x169.jpg 300w, https:\/\/www.elsindical.com.ar\/notas\/var\/www\/html\/notas\/wp-content\/uploads\/2016\/09\/baleado-en-Temperley-500x282.jpg 500w, https:\/\/www.elsindical.com.ar\/notas\/var\/www\/html\/notas\/wp-content\/uploads\/2016\/09\/baleado-en-Temperley.jpg 620w\" sizes=\"auto, (max-width: 300px) 100vw, 300px\" \/><\/a>\u00a0 La v\u00edctima, de 50 a\u00f1os, fue interceptada por dos delincuentes mientras circulaba por el barrio de Temperley.<\/em><\/p>\n<p>El hombre que hab\u00eda sido baleado por delincuentes cuando se resisti\u00f3 a que le robaran la moto mientras circulaba por las calles de Temperley muri\u00f3 esta madrugada luego de varias horas de agon\u00eda.<\/p>\n<p>Se trata de Guillermo Simenoff, de 50 a\u00f1os, quien fue atacado por dos asaltantes en horas de la tarde de ayer que lo abordaron con fines de robo mientras circulaba en su moto por la intersecci\u00f3n de Cangallo y Almirante Brown, de esa zona del sur del Gran Buenos Aires.<\/p>\n<p>El hombre habr\u00eda opuesto resistencia al asalto y fue baleado por los asaltantes, que se llevaron su moto, una Honda XR Tornado.<\/p>\n<p>Simenoff fue llevado en grave estado al Hospital Gandulfo, donde su deceso se produjo cerca de las 4:00, informaron fuentes<\/p>\n","protected":false},"excerpt":{"rendered":"<p>\u00a0 La v\u00edctima, de 50 a\u00f1os, fue interceptada por dos delincuentes mientras circulaba por el barrio de Temperley. El hombre que hab\u00eda sido baleado por delincuentes cuando se resisti\u00f3 a que le robaran la moto mientras circulaba por las calles de Temperley muri\u00f3 esta madrugada luego de varias horas de agon\u00eda. Se trata de Guillermo&hellip;<\/p>\n","protected":false},"author":1,"featured_media":0,"comment_status":"open","ping_status":"open","sticky":false,"template":"","format":"standard","meta":{"footnotes":""},"categories":[22],"tags":[],"class_list":["post-62075","post","type-post","status-publish","format-standard","hentry","category-policiales"],"_links":{"self":[{"href":"https:\/\/www.elsindical.com.ar\/notas\/wp-json\/wp\/v2\/posts\/62075","targetHints":{"allow":["GET"]}}],"collection":[{"href":"https:\/\/www.elsindical.com.ar\/notas\/wp-json\/wp\/v2\/posts"}],"about":[{"href":"https:\/\/www.elsindical.com.ar\/notas\/wp-json\/wp\/v2\/types\/post"}],"author":[{"embeddable":true,"href":"https:\/\/www.elsindical.com.ar\/notas\/wp-json\/wp\/v2\/users\/1"}],"replies":[{"embeddable":true,"href":"https:\/\/www.elsindical.com.ar\/notas\/wp-json\/wp\/v2\/comments?post=62075"}],"version-history":[{"count":1,"href":"https:\/\/www.elsindical.com.ar\/notas\/wp-json\/wp\/v2\/posts\/62075\/revisions"}],"predecessor-version":[{"id":62077,"href":"https:\/\/www.elsindical.com.ar\/notas\/wp-json\/wp\/v2\/posts\/62075\/revisions\/62077"}],"wp:attachment":[{"href":"https:\/\/www.elsindical.com.ar\/notas\/wp-json\/wp\/v2\/media?parent=62075"}],"wp:term":[{"taxonomy":"category","embeddable":true,"href":"https:\/\/www.elsindical.com.ar\/notas\/wp-json\/wp\/v2\/categories?post=62075"},{"taxonomy":"post_tag","embeddable":true,"href":"https:\/\/www.elsindical.com.ar\/notas\/wp-json\/wp\/v2\/tags?post=62075"}],"curies":[{"name":"wp","href":"https:\/\/api.w.org\/{rel}","templated":true}]}}