{"id":62030,"date":"2016-09-10T18:08:34","date_gmt":"2016-09-10T21:08:34","guid":{"rendered":"http:\/\/www.elsindical.com.ar\/notas\/?p=62030"},"modified":"2016-09-10T18:08:34","modified_gmt":"2016-09-10T21:08:34","slug":"se-cerraron-mas-de-500-mil-cuentas-sueldo-en-2016","status":"publish","type":"post","link":"https:\/\/www.elsindical.com.ar\/notas\/se-cerraron-mas-de-500-mil-cuentas-sueldo-en-2016\/","title":{"rendered":"Se cerraron m\u00e1s de 500 mil cuentas sueldo en 2016"},"content":{"rendered":"<p><em><a href=\"http:\/\/www.elsindical.com.ar\/notas\/var\/www\/html\/notas\/wp-content\/uploads\/2016\/09\/Macri-y-Sturzenegger.jpg\"><img loading=\"lazy\" decoding=\"async\" class=\"alignnone size-medium wp-image-62032\" src=\"http:\/\/www.elsindical.com.ar\/notas\/var\/www\/html\/notas\/wp-content\/uploads\/2016\/09\/Macri-y-Sturzenegger-300x169.jpg\" alt=\"macri-y-sturzenegger\" width=\"300\" height=\"169\" srcset=\"https:\/\/www.elsindical.com.ar\/notas\/var\/www\/html\/notas\/wp-content\/uploads\/2016\/09\/Macri-y-Sturzenegger-300x169.jpg 300w, https:\/\/www.elsindical.com.ar\/notas\/var\/www\/html\/notas\/wp-content\/uploads\/2016\/09\/Macri-y-Sturzenegger-500x281.jpg 500w, https:\/\/www.elsindical.com.ar\/notas\/var\/www\/html\/notas\/wp-content\/uploads\/2016\/09\/Macri-y-Sturzenegger.jpg 738w\" sizes=\"auto, (max-width: 300px) 100vw, 300px\" \/><\/a>\u00a0 La informaci\u00f3n surge de las estad\u00edsticas del Banco Central de la Rep\u00fablica Argentina publicados bajo la gesti\u00f3n de Federico Sturzenegger. Adem\u00e1s, hasta mayo, se registraron unas 6 mil empresas menos.<\/em><\/p>\n<p>El Banco Central de la Rep\u00fablica Argentina publica mensualmente un informe sobre las Entidades Financieras. Uno de los datos que emerge de este reporte, es la cantidad de cuentas sueldo que existen en el total del sistema financiero. Esta cifra, si bien no es un n\u00famero exacto, provee una aproximaci\u00f3n a la cantidad de empleados formales en Argentina cobran mensualmente sus haberes mediante acreditaci\u00f3n bancaria.<\/p>\n<p>En los informes se divulga informaci\u00f3n con unos meses de retraso, por ejemplo en el informe de agosto de 2016 se publica informaci\u00f3n hasta mayo del mismo a\u00f1o (3 meses de retraso).<\/p>\n<p>A diciembre del 2015, seg\u00fan informaci\u00f3n provista por el propio BCRA en su informe del marzo del 2016, pero publicado en junio de este a\u00f1o (hace s\u00f3lo 3 meses), ya en plena conducci\u00f3n de Federico Sturzenegger, designado por el presidente Mauricio Macri al frente de la entidad, se declaraba que en diciembre del 2015 exist\u00edan m\u00e1s de 9 millones de cuentas sueldos y 195 mil empresas que acreditaban el sueldo de sus empleados por v\u00eda bancaria.<\/p>\n<p>Recientemente se public\u00f3 un nuevo informe con cifras hasta Mayo. Al repasar lo ocurrido, se llega a la conclusi\u00f3n de que en los primeros 5 meses del a\u00f1o, se destruyeron 507.449 cuentas sueldos y dejaron de abonar a sus empleados por v\u00eda bancaria 6.021 empresas.<\/p>\n<p>Si bien esto no implica una linealidad entre destrucci\u00f3n de cuentas sueldos y empleos, y entre cantidad de empresas que acreditan sus haberes mensualmente y la efectiva desaparici\u00f3n de la empresa, se puede hablar de una tendencia, al menos preocupante.<\/p>\n<p>Si bien en estos meses puede haber un pase a la informalidad de una porci\u00f3n de los asalariados registrados o retiros, la magnitud del fen\u00f3meno llama poderosamente la atenci\u00f3n.<\/p>\n<p>Para desestimar supuestos visos de estacionalidad del per\u00edodo diciembre\/mayo, los datos de los informes del mismo lapso temporal pero de un a\u00f1o atr\u00e1s muestran un contraste asombroso. Es que en igual per\u00edodo de tiempo, se crearon 305.376 cuentas sueldos y 2.123 empresas comenzaron a acreditar los haberes de sus empleados en forma bancarizada.<\/p>\n<p><a href=\"http:\/\/www.elsindical.com.ar\/notas\/var\/www\/html\/notas\/wp-content\/uploads\/2016\/09\/BCRA-cuentas-y-empresas-pagos-cta-sueldo.jpg\"><img loading=\"lazy\" decoding=\"async\" class=\"alignnone size-medium wp-image-62031\" src=\"http:\/\/www.elsindical.com.ar\/notas\/var\/www\/html\/notas\/wp-content\/uploads\/2016\/09\/BCRA-cuentas-y-empresas-pagos-cta-sueldo-300x69.jpg\" alt=\"bcra-cuentas-y-empresas-pagos-cta-sueldo\" width=\"300\" height=\"69\" srcset=\"https:\/\/www.elsindical.com.ar\/notas\/var\/www\/html\/notas\/wp-content\/uploads\/2016\/09\/BCRA-cuentas-y-empresas-pagos-cta-sueldo-300x69.jpg 300w, https:\/\/www.elsindical.com.ar\/notas\/var\/www\/html\/notas\/wp-content\/uploads\/2016\/09\/BCRA-cuentas-y-empresas-pagos-cta-sueldo-500x115.jpg 500w, https:\/\/www.elsindical.com.ar\/notas\/var\/www\/html\/notas\/wp-content\/uploads\/2016\/09\/BCRA-cuentas-y-empresas-pagos-cta-sueldo.jpg 738w\" sizes=\"auto, (max-width: 300px) 100vw, 300px\" \/><\/a><\/p>\n<p><strong>Fuente: Info Gremiales<\/strong><\/p>\n","protected":false},"excerpt":{"rendered":"<p>\u00a0 La informaci\u00f3n surge de las estad\u00edsticas del Banco Central de la Rep\u00fablica Argentina publicados bajo la gesti\u00f3n de Federico Sturzenegger. Adem\u00e1s, hasta mayo, se registraron unas 6 mil empresas menos. El Banco Central de la Rep\u00fablica Argentina publica mensualmente un informe sobre las Entidades Financieras. Uno de los datos que emerge de este reporte,&hellip;<\/p>\n","protected":false},"author":1,"featured_media":0,"comment_status":"open","ping_status":"open","sticky":false,"template":"","format":"standard","meta":{"footnotes":""},"categories":[9],"tags":[1489,24383,298,24384,54,2105,76],"class_list":["post-62030","post","type-post","status-publish","format-standard","hentry","category-economia","tag-bcra","tag-cuentas-sueldo","tag-desempleo","tag-dr-adolfo-federico-sturzenegger","tag-empleados","tag-empresas","tag-mauricio-macri"],"_links":{"self":[{"href":"https:\/\/www.elsindical.com.ar\/notas\/wp-json\/wp\/v2\/posts\/62030","targetHints":{"allow":["GET"]}}],"collection":[{"href":"https:\/\/www.elsindical.com.ar\/notas\/wp-json\/wp\/v2\/posts"}],"about":[{"href":"https:\/\/www.elsindical.com.ar\/notas\/wp-json\/wp\/v2\/types\/post"}],"author":[{"embeddable":true,"href":"https:\/\/www.elsindical.com.ar\/notas\/wp-json\/wp\/v2\/users\/1"}],"replies":[{"embeddable":true,"href":"https:\/\/www.elsindical.com.ar\/notas\/wp-json\/wp\/v2\/comments?post=62030"}],"version-history":[{"count":1,"href":"https:\/\/www.elsindical.com.ar\/notas\/wp-json\/wp\/v2\/posts\/62030\/revisions"}],"predecessor-version":[{"id":62033,"href":"https:\/\/www.elsindical.com.ar\/notas\/wp-json\/wp\/v2\/posts\/62030\/revisions\/62033"}],"wp:attachment":[{"href":"https:\/\/www.elsindical.com.ar\/notas\/wp-json\/wp\/v2\/media?parent=62030"}],"wp:term":[{"taxonomy":"category","embeddable":true,"href":"https:\/\/www.elsindical.com.ar\/notas\/wp-json\/wp\/v2\/categories?post=62030"},{"taxonomy":"post_tag","embeddable":true,"href":"https:\/\/www.elsindical.com.ar\/notas\/wp-json\/wp\/v2\/tags?post=62030"}],"curies":[{"name":"wp","href":"https:\/\/api.w.org\/{rel}","templated":true}]}}