{"id":62021,"date":"2016-09-10T14:35:25","date_gmt":"2016-09-10T17:35:25","guid":{"rendered":"http:\/\/www.elsindical.com.ar\/notas\/?p=62021"},"modified":"2016-09-10T14:35:25","modified_gmt":"2016-09-10T17:35:25","slug":"lanus-un-detenido-por-tenencia-ilegal-de-arma-de-guerra-lesiones-y-amenazas","status":"publish","type":"post","link":"https:\/\/www.elsindical.com.ar\/notas\/lanus-un-detenido-por-tenencia-ilegal-de-arma-de-guerra-lesiones-y-amenazas\/","title":{"rendered":"Lan\u00fas: Un detenido por tenencia ilegal de arma de guerra, lesiones y amenazas"},"content":{"rendered":"<p><a href=\"http:\/\/www.elsindical.com.ar\/notas\/var\/www\/html\/notas\/wp-content\/uploads\/2016\/09\/escopeta-hecho-Remedios-de-Escalada.gif\"><img loading=\"lazy\" decoding=\"async\" class=\"alignnone size-medium wp-image-62022\" src=\"http:\/\/www.elsindical.com.ar\/notas\/var\/www\/html\/notas\/wp-content\/uploads\/2016\/09\/escopeta-hecho-Remedios-de-Escalada-300x164.gif\" alt=\"escopeta-hecho-remedios-de-escalada\" width=\"300\" height=\"164\" srcset=\"https:\/\/www.elsindical.com.ar\/notas\/var\/www\/html\/notas\/wp-content\/uploads\/2016\/09\/escopeta-hecho-Remedios-de-Escalada-300x164.gif 300w, https:\/\/www.elsindical.com.ar\/notas\/var\/www\/html\/notas\/wp-content\/uploads\/2016\/09\/escopeta-hecho-Remedios-de-Escalada-500x273.gif 500w\" sizes=\"auto, (max-width: 300px) 100vw, 300px\" \/><\/a>Comisar\u00eda LAN\u00daS 4TA REMEDIOS DE ESCALADA<br \/>\nFECHA, HORA, LUGAR: 09 de Septiembre de 2016, 19:15hs PRESIDENTE AVELLANEDA N\u00ba 750 de medio<\/p>\n<p>CALIFICACI\u00d3N LEGAL: TENENCIA ILEGAL DE ARMA DE GUERRA, LESIONES Y AMENAZAS.<\/p>\n<p>DENUNCIANTE: PERSONAL POLICIAL<\/p>\n<p>IMPUTADO: MIRACOLA EZEQUIEL NICOL\u00c1S, argentino, de 29\u00a0a\u00f1os, instruido, soltero, chofer, domiciliado en la calle Presidente Avellaneda n\u00ba 750 de este medio.<br \/>\nGUERRERO ADRI\u00c1N JAVIER, argentino, de 41\u00a0a\u00f1os, instruido, soltero, pizzero, domiciliado en la calle OBRIEN N\u00ba 736 de este medio.<br \/>\nGUERRERO PABLO ARIEL, argentino, de 44\u00a0a\u00f1os, instruido, soltero, desempleado, domiciliado en la calle OBRIEN N\u00ba 736 de este medio.<br \/>\nGUERRERO GUILLERMO ABEL, argentino, de 21\u00a0a\u00f1os, instruido, soltero, changarin, domiciliado en la calle OBRIEN N\u00ba 736 de este medio<\/p>\n<p>ELEMENTOS SUSTRA\u00cdDOS: No Corresponde.-<br \/>\nELEMENTOS SECUESTRADOS: ESCOPETA MARCA BRENTA CON N\u00daMERO DE SERIE 22936 CALIBRE 16.<br \/>\nUN CARTUCHO CALIBRE 16 INTACTO.<br \/>\nINTERVENCI\u00d3N: UFI N\u00ba 07 DEPARTAMENTOJUDICIAL LOMAS DE ZAMORA<br \/>\n_____________________________________________________________________________________<br \/>\nS\u00cdNTESIS DE LOS HECHOS:<br \/>\nLlevo a su conocimiento que en la fecha, siendo las 19:15 horas, personal de este elemento en momento que se hallaban recorriendo la jurisdicci\u00f3n en prevenci\u00f3n de delitos y contravenciones en todas sus gamas en m\u00f3vil identificable, son alertados por el n\u00famero de emergencia 911 que en la finca ubicada en la arter\u00eda Presidente Avellaneda n\u00ba 750, en la cual un rodado marca Fiat modelo Sierrra de color gris con dominio colocadoMAT-691 estar\u00eda da\u00f1ando las rejas de dicha finca. Por ello se desplaza hasta el lugar y una vez en el se entrevistan con el ciudadano identificado como MIRACOLA EZEQUIEL NCOL\u00c1S dem\u00e1s dato obran ut supra, quien refiere que momentos antes hab\u00eda discutido con GUERRERO ADRIAN JAVIER dem\u00e1s datos obran ut supra, en la v\u00eda p\u00fablica. Para luego presentarse este en su domicilio a bordo del rodado marca Fiat y da\u00f1ar todo el frente de rejas de la vivienda, para retirarse r\u00e1pidamente del lugar. Es que en ese instante se hacen presente los hermanos GUERRERO PABLO ABLE, GUERRERO GUILLERMO ABEL, GUERRERO EZEQUIEL NICOLAS, dem\u00e1s datos obra ut supra. Quienes comienzan a insultar a Miracola y comienzan a agredirlo f\u00edsicamente con golpes de pu\u00f1o. Es en ese momento que el personal policial procede a separar a las partes y observan que en el patio de dicha vivienda hab\u00eda tirado en el suelo una escopeta de un solo ca\u00f1o, el cual se encuentra todo envuelto con goma de color negra, calibre 16 con n\u00famero de serie 22936 marca Brenta, con la culata de madera, la cual tienen en la recamara un cartucho del mismo calibre intacto. Es por ello que proceden a aprehender a todos los sujetos involucrados y trasladarlos al asiento de esta dependencia a los fines legales pertinentes. Una vez en ella se entabla comunicaci\u00f3n telef\u00f3nica con la UFI n\u00ba 07 de Lomas de Zamora la cual interiorizada de los pormenores del caso avalo lo actuado y dispuso que se labren actuaciones de ep\u00edgrafe. Con respecto a los aprehendidos GUERRERO GUILLERMO, EZEQUIEL Y PABLO se lo notifique del contenido del art\u00edculo 60, 89 y 92 del CP en actuaciones caratuladas LESIONES Y AMENAZAS, y de no surgir impedimento legal alguno recuperen la libertad por el contenido del articulo 161 del CP. Con respecto al aprehendido MARICOLA se lo notifique del contenido de los art\u00edculos 60,89 y 92 del CP en actuaciones caratuladas TENENCIA ILEGAL DE ARMA DE GUERRA y que en el d\u00eda de ma\u00f1ana sea trasladado al asiento de dicha sede judicial junto al sumario a primera hora.<br \/>\nEs cuanto informo al respecto.-<br \/>\nLeandro Ib\u00e1\u00f1ez<br \/>\nSubcomisario<\/p>\n<p>&nbsp;<\/p>\n<p><strong>Fuente: <a href=\"http:\/\/departamentalavellanedalanuslomas.blogspot.com.ar\/\">Jefatura Departamental Avellaneda-Lan\u00fas-Lomas<\/a><\/strong><\/p>\n","protected":false},"excerpt":{"rendered":"<p>Comisar\u00eda LAN\u00daS 4TA REMEDIOS DE ESCALADA FECHA, HORA, LUGAR: 09 de Septiembre de 2016, 19:15hs PRESIDENTE AVELLANEDA N\u00ba 750 de medio CALIFICACI\u00d3N LEGAL: TENENCIA ILEGAL DE ARMA DE GUERRA, LESIONES Y AMENAZAS. DENUNCIANTE: PERSONAL POLICIAL IMPUTADO: MIRACOLA EZEQUIEL NICOL\u00c1S, argentino, de 29\u00a0a\u00f1os, instruido, soltero, chofer, domiciliado en la calle Presidente Avellaneda n\u00ba 750 de este&hellip;<\/p>\n","protected":false},"author":1,"featured_media":0,"comment_status":"open","ping_status":"open","sticky":false,"template":"","format":"standard","meta":{"footnotes":""},"categories":[22],"tags":[331,22301,23294,209,1739,6272,10024],"class_list":["post-62021","post","type-post","status-publish","format-standard","hentry","category-policiales","tag-amenazas","tag-comisario-mayor-javier-carlos-villar","tag-jefatura-departamental-avellaneda-lanus-lomas","tag-lanus","tag-lesiones","tag-remedios-de-escalada","tag-tenencia-ilegal-de-arma-de-guerra"],"_links":{"self":[{"href":"https:\/\/www.elsindical.com.ar\/notas\/wp-json\/wp\/v2\/posts\/62021","targetHints":{"allow":["GET"]}}],"collection":[{"href":"https:\/\/www.elsindical.com.ar\/notas\/wp-json\/wp\/v2\/posts"}],"about":[{"href":"https:\/\/www.elsindical.com.ar\/notas\/wp-json\/wp\/v2\/types\/post"}],"author":[{"embeddable":true,"href":"https:\/\/www.elsindical.com.ar\/notas\/wp-json\/wp\/v2\/users\/1"}],"replies":[{"embeddable":true,"href":"https:\/\/www.elsindical.com.ar\/notas\/wp-json\/wp\/v2\/comments?post=62021"}],"version-history":[{"count":1,"href":"https:\/\/www.elsindical.com.ar\/notas\/wp-json\/wp\/v2\/posts\/62021\/revisions"}],"predecessor-version":[{"id":62023,"href":"https:\/\/www.elsindical.com.ar\/notas\/wp-json\/wp\/v2\/posts\/62021\/revisions\/62023"}],"wp:attachment":[{"href":"https:\/\/www.elsindical.com.ar\/notas\/wp-json\/wp\/v2\/media?parent=62021"}],"wp:term":[{"taxonomy":"category","embeddable":true,"href":"https:\/\/www.elsindical.com.ar\/notas\/wp-json\/wp\/v2\/categories?post=62021"},{"taxonomy":"post_tag","embeddable":true,"href":"https:\/\/www.elsindical.com.ar\/notas\/wp-json\/wp\/v2\/tags?post=62021"}],"curies":[{"name":"wp","href":"https:\/\/api.w.org\/{rel}","templated":true}]}}