{"id":62009,"date":"2016-09-09T22:35:08","date_gmt":"2016-09-10T01:35:08","guid":{"rendered":"http:\/\/www.elsindical.com.ar\/notas\/?p=62009"},"modified":"2016-09-09T22:35:08","modified_gmt":"2016-09-10T01:35:08","slug":"telam-quita-carteles-contra-la-violencia-de-genero","status":"publish","type":"post","link":"https:\/\/www.elsindical.com.ar\/notas\/telam-quita-carteles-contra-la-violencia-de-genero\/","title":{"rendered":"TEL\u00c1M, quita carteles contra la violencia de g\u00e9nero"},"content":{"rendered":"<p><a href=\"http:\/\/www.elsindical.com.ar\/notas\/var\/www\/html\/notas\/wp-content\/uploads\/2016\/09\/cartelviolenciadegenero.jpg\"><img loading=\"lazy\" decoding=\"async\" class=\"alignnone size-medium wp-image-62011\" src=\"http:\/\/www.elsindical.com.ar\/notas\/var\/www\/html\/notas\/wp-content\/uploads\/2016\/09\/cartelviolenciadegenero-225x300.jpg\" alt=\"cartelviolenciadegenero\" width=\"225\" height=\"300\" srcset=\"https:\/\/www.elsindical.com.ar\/notas\/var\/www\/html\/notas\/wp-content\/uploads\/2016\/09\/cartelviolenciadegenero-225x300.jpg 225w, https:\/\/www.elsindical.com.ar\/notas\/var\/www\/html\/notas\/wp-content\/uploads\/2016\/09\/cartelviolenciadegenero-768x1024.jpg 768w, https:\/\/www.elsindical.com.ar\/notas\/var\/www\/html\/notas\/wp-content\/uploads\/2016\/09\/cartelviolenciadegenero.jpg 960w\" sizes=\"auto, (max-width: 225px) 100vw, 225px\" \/><\/a>\u00a0 Las compa\u00f1eras que integramos la Mesa de Mujeres del Sindicato de Trabajadores de Prensa (SITRAPREN) hacemos saber a tod@s que en el d\u00eda de hoy enviamos una nota al se\u00f1or Carlos Villoldo, vocero de las autoridades de T\u00e9lam S.E., a efectos de repudiar su actitud al dar la orden al servicio de vigilancia para que quiten \u2013de la planta baja del edificio de Bol\u00edvar 531, CABA- todos los carteles contra la violencia (de g\u00e9nero y laboral), incluso el que indicaba el n\u00famero de tel\u00e9fono ad\u00f3nde llamar para pedir ayuda.<\/p>\n<p>Cabe se\u00f1alar, que la forma de proceder del funcionario no concuerda con las diversas actividades que se desarrollan desde el Estado y distintos organismos no gubernamentales con el \u00fanico fin de generar conciencia para poder acabar con este flagelo.<\/p>\n<p>Adjuntamos la carta enviada y fotos de los carteles del tiempo en que a\u00fan estaban exhibidos.<\/p>\n<p><a href=\"http:\/\/www.elsindical.com.ar\/notas\/var\/www\/html\/notas\/wp-content\/uploads\/2016\/09\/cartelviolenciadegenero2.jpg\"><img loading=\"lazy\" decoding=\"async\" class=\"alignnone size-medium wp-image-62010\" src=\"http:\/\/www.elsindical.com.ar\/notas\/var\/www\/html\/notas\/wp-content\/uploads\/2016\/09\/cartelviolenciadegenero2-152x300.jpg\" alt=\"cartelviolenciadegenero2\" width=\"152\" height=\"300\" srcset=\"https:\/\/www.elsindical.com.ar\/notas\/var\/www\/html\/notas\/wp-content\/uploads\/2016\/09\/cartelviolenciadegenero2-152x300.jpg 152w, https:\/\/www.elsindical.com.ar\/notas\/var\/www\/html\/notas\/wp-content\/uploads\/2016\/09\/cartelviolenciadegenero2-768x1511.jpg 768w, https:\/\/www.elsindical.com.ar\/notas\/var\/www\/html\/notas\/wp-content\/uploads\/2016\/09\/cartelviolenciadegenero2-520x1024.jpg 520w, https:\/\/www.elsindical.com.ar\/notas\/var\/www\/html\/notas\/wp-content\/uploads\/2016\/09\/cartelviolenciadegenero2.jpg 779w\" sizes=\"auto, (max-width: 152px) 100vw, 152px\" \/><\/a><\/p>\n<p>MESA DE MUJERES SITRAPREN<\/p>\n<p>Buenos Aires, 09 de septiembre de 2016<\/p>\n<p>&nbsp;<\/p>\n","protected":false},"excerpt":{"rendered":"<p>\u00a0 Las compa\u00f1eras que integramos la Mesa de Mujeres del Sindicato de Trabajadores de Prensa (SITRAPREN) hacemos saber a tod@s que en el d\u00eda de hoy enviamos una nota al se\u00f1or Carlos Villoldo, vocero de las autoridades de T\u00e9lam S.E., a efectos de repudiar su actitud al dar la orden al servicio de vigilancia para&hellip;<\/p>\n","protected":false},"author":1,"featured_media":0,"comment_status":"open","ping_status":"open","sticky":false,"template":"","format":"standard","meta":{"footnotes":""},"categories":[6],"tags":[7976,24145,21656,572],"class_list":["post-62009","post","type-post","status-publish","format-standard","hentry","category-denuncias","tag-carteles","tag-mesa-de-mujeres","tag-sitrapren","tag-violencia-de-genero"],"_links":{"self":[{"href":"https:\/\/www.elsindical.com.ar\/notas\/wp-json\/wp\/v2\/posts\/62009","targetHints":{"allow":["GET"]}}],"collection":[{"href":"https:\/\/www.elsindical.com.ar\/notas\/wp-json\/wp\/v2\/posts"}],"about":[{"href":"https:\/\/www.elsindical.com.ar\/notas\/wp-json\/wp\/v2\/types\/post"}],"author":[{"embeddable":true,"href":"https:\/\/www.elsindical.com.ar\/notas\/wp-json\/wp\/v2\/users\/1"}],"replies":[{"embeddable":true,"href":"https:\/\/www.elsindical.com.ar\/notas\/wp-json\/wp\/v2\/comments?post=62009"}],"version-history":[{"count":1,"href":"https:\/\/www.elsindical.com.ar\/notas\/wp-json\/wp\/v2\/posts\/62009\/revisions"}],"predecessor-version":[{"id":62012,"href":"https:\/\/www.elsindical.com.ar\/notas\/wp-json\/wp\/v2\/posts\/62009\/revisions\/62012"}],"wp:attachment":[{"href":"https:\/\/www.elsindical.com.ar\/notas\/wp-json\/wp\/v2\/media?parent=62009"}],"wp:term":[{"taxonomy":"category","embeddable":true,"href":"https:\/\/www.elsindical.com.ar\/notas\/wp-json\/wp\/v2\/categories?post=62009"},{"taxonomy":"post_tag","embeddable":true,"href":"https:\/\/www.elsindical.com.ar\/notas\/wp-json\/wp\/v2\/tags?post=62009"}],"curies":[{"name":"wp","href":"https:\/\/api.w.org\/{rel}","templated":true}]}}