{"id":61913,"date":"2016-09-06T12:04:32","date_gmt":"2016-09-06T15:04:32","guid":{"rendered":"http:\/\/www.elsindical.com.ar\/notas\/?p=61913"},"modified":"2016-09-06T12:04:32","modified_gmt":"2016-09-06T15:04:32","slug":"lanus-otra-entradera-otro-pibe-muerto","status":"publish","type":"post","link":"https:\/\/www.elsindical.com.ar\/notas\/lanus-otra-entradera-otro-pibe-muerto\/","title":{"rendered":"Lan\u00fas: otra entradera, otro pibe muerto"},"content":{"rendered":"<p><em><a href=\"http:\/\/www.elsindical.com.ar\/notas\/var\/www\/html\/notas\/wp-content\/uploads\/2016\/09\/asesinato-en-Lan\u00fas-Oeste.png\"><img loading=\"lazy\" decoding=\"async\" class=\"alignnone size-medium wp-image-61914\" src=\"http:\/\/www.elsindical.com.ar\/notas\/var\/www\/html\/notas\/wp-content\/uploads\/2016\/09\/asesinato-en-Lan\u00fas-Oeste-300x158.png\" alt=\"asesinato en Lan\u00fas Oeste\" width=\"300\" height=\"158\" srcset=\"https:\/\/www.elsindical.com.ar\/notas\/var\/www\/html\/notas\/wp-content\/uploads\/2016\/09\/asesinato-en-Lan\u00fas-Oeste-300x158.png 300w, https:\/\/www.elsindical.com.ar\/notas\/var\/www\/html\/notas\/wp-content\/uploads\/2016\/09\/asesinato-en-Lan\u00fas-Oeste-500x263.png 500w, https:\/\/www.elsindical.com.ar\/notas\/var\/www\/html\/notas\/wp-content\/uploads\/2016\/09\/asesinato-en-Lan\u00fas-Oeste.png 680w\" sizes=\"auto, (max-width: 300px) 100vw, 300px\" \/><\/a>\u00a0 Otro crimen enluta al municipio. En este caso, un joven de 22 a\u00f1os fue baleado por ladrones que quisieron robarle el auto. La v\u00edctima\u00a0hab\u00eda sido padre 20 d\u00edas atr\u00e1s. Otra familia destrozada por la maldita inseguridad.<\/em><\/p>\n<p>Un joven de 22 a\u00f1os fue asesinado de un balazo por delincuentes que pretendieron robarle el auto cuando se hallaba en la calle Colombia y Santiago Plaul, del partido de Lan\u00fas, informaron fuentes policiales y judiciales.<\/p>\n<p>El detalle que hace m\u00e1s doloroso el hecho es que el hombre hab\u00eda sido padre apenas 20 d\u00edas atr\u00e1s. Cuando fue abordado, atin\u00f3 a abrazarse con su mujer. Lo mataron. Y ni siquiera le robaron algo. Ahora,\u00a0\u00bfQui\u00e9n le explica a ese beb\u00e9 que su padre fue ejecutado en al puerta de su casa por la maldita inseguridad?.<\/p>\n","protected":false},"excerpt":{"rendered":"<p>\u00a0 Otro crimen enluta al municipio. En este caso, un joven de 22 a\u00f1os fue baleado por ladrones que quisieron robarle el auto. La v\u00edctima\u00a0hab\u00eda sido padre 20 d\u00edas atr\u00e1s. Otra familia destrozada por la maldita inseguridad. Un joven de 22 a\u00f1os fue asesinado de un balazo por delincuentes que pretendieron robarle el auto cuando&hellip;<\/p>\n","protected":false},"author":1,"featured_media":0,"comment_status":"open","ping_status":"open","sticky":false,"template":"","format":"standard","meta":{"footnotes":""},"categories":[22],"tags":[410,984,323,209,116],"class_list":["post-61913","post","type-post","status-publish","format-standard","hentry","category-policiales","tag-baleado","tag-inseguridad","tag-joven","tag-lanus","tag-robo"],"_links":{"self":[{"href":"https:\/\/www.elsindical.com.ar\/notas\/wp-json\/wp\/v2\/posts\/61913","targetHints":{"allow":["GET"]}}],"collection":[{"href":"https:\/\/www.elsindical.com.ar\/notas\/wp-json\/wp\/v2\/posts"}],"about":[{"href":"https:\/\/www.elsindical.com.ar\/notas\/wp-json\/wp\/v2\/types\/post"}],"author":[{"embeddable":true,"href":"https:\/\/www.elsindical.com.ar\/notas\/wp-json\/wp\/v2\/users\/1"}],"replies":[{"embeddable":true,"href":"https:\/\/www.elsindical.com.ar\/notas\/wp-json\/wp\/v2\/comments?post=61913"}],"version-history":[{"count":1,"href":"https:\/\/www.elsindical.com.ar\/notas\/wp-json\/wp\/v2\/posts\/61913\/revisions"}],"predecessor-version":[{"id":61915,"href":"https:\/\/www.elsindical.com.ar\/notas\/wp-json\/wp\/v2\/posts\/61913\/revisions\/61915"}],"wp:attachment":[{"href":"https:\/\/www.elsindical.com.ar\/notas\/wp-json\/wp\/v2\/media?parent=61913"}],"wp:term":[{"taxonomy":"category","embeddable":true,"href":"https:\/\/www.elsindical.com.ar\/notas\/wp-json\/wp\/v2\/categories?post=61913"},{"taxonomy":"post_tag","embeddable":true,"href":"https:\/\/www.elsindical.com.ar\/notas\/wp-json\/wp\/v2\/tags?post=61913"}],"curies":[{"name":"wp","href":"https:\/\/api.w.org\/{rel}","templated":true}]}}