{"id":61841,"date":"2016-09-02T14:50:34","date_gmt":"2016-09-02T17:50:34","guid":{"rendered":"http:\/\/www.elsindical.com.ar\/notas\/?p=61841"},"modified":"2016-09-02T14:50:34","modified_gmt":"2016-09-02T17:50:34","slug":"gremios-alertan-sobre-el-grave-deterioro-del-sistema-portuario-bonaerense","status":"publish","type":"post","link":"https:\/\/www.elsindical.com.ar\/notas\/gremios-alertan-sobre-el-grave-deterioro-del-sistema-portuario-bonaerense\/","title":{"rendered":"Gremios alertan sobre el grave deterioro del sistema portuario bonaerense"},"content":{"rendered":"<p><em>\u00a0<a href=\"http:\/\/www.elsindical.com.ar\/notas\/var\/www\/html\/notas\/wp-content\/uploads\/2016\/08\/Cavalli.jpg\"><img loading=\"lazy\" decoding=\"async\" class=\"alignnone size-medium wp-image-61651\" src=\"http:\/\/www.elsindical.com.ar\/notas\/var\/www\/html\/notas\/wp-content\/uploads\/2016\/08\/Cavalli-300x224.jpg\" alt=\"Cavalli\" width=\"300\" height=\"224\" srcset=\"https:\/\/www.elsindical.com.ar\/notas\/var\/www\/html\/notas\/wp-content\/uploads\/2016\/08\/Cavalli-300x224.jpg 300w, https:\/\/www.elsindical.com.ar\/notas\/var\/www\/html\/notas\/wp-content\/uploads\/2016\/08\/Cavalli-402x300.jpg 402w, https:\/\/www.elsindical.com.ar\/notas\/var\/www\/html\/notas\/wp-content\/uploads\/2016\/08\/Cavalli.jpg 620w\" sizes=\"auto, (max-width: 300px) 100vw, 300px\" \/><\/a> La Asociaci\u00f3n del Personal de Direcci\u00f3n de los Ferrocarriles y Puertos Argentinos (APDFA) alert\u00f3 sobre el grave deterioro del sistema portuario bonaerense y solicit\u00f3 una urgente reuni\u00f3n con el nuevo ministro de Producci\u00f3n, Joaqu\u00edn de la Torre, para resolver las problem\u00e1ticas del sector.<\/em><\/p>\n<p>A trav\u00e9s de las seccionales Buenos Aires Puertos y Puertos del Paran\u00e1 Inferior, el gremio denunci\u00f3 la \u00ablamentable situaci\u00f3n\u00bb en que se encuentra la Subsecretaria de Actividades Portuarias (SAP) -que dirige Marcelo Lobbosco- y puertos dependientes, tales como Dock Sud, San Nicol\u00e1s, Coronel Rosales, Olivos, San Isidro y Tigre, al tiempo que se declar\u00f3 en \u00abestado de alerta\u00bb.<\/p>\n<p>\u00abSi bien es cierto, y entendemos que Usted acaba muy recientemente de asumir su cargo, m\u00e1s cierto es que su antecesor desde diciembre del 2015 a la fecha de su partida, no ha hecho m\u00e1s que deteriorar todo el sistema portuario, dejando el mismo plagado de inoperancias, decretos y resoluciones que se superponen y contradicen, transformando el Ministerio y la SAP en una guerra de guerrillas entre distintos intereses partidarios y pol\u00edticos\u00bb, expresaron.<\/p>\n<p>Adem\u00e1s, la misiva dirigida a De la Torre y autoridades del gobierno de Mar\u00eda Eugenia Vidalasegura que el actual deterioro \u00abviene afectando el funcionamiento de los puertos, obstruyendo el desarrollo de obras de mantenci\u00f3n y obras nuevas, perjudicando a todos los trabajadores portuarios, generando constantemente incertidumbre, mal trato, violaciones al convenio colectivo y a la carrera administrativa y en definitiva poniendo en jaque la fuente laboral\u00bb.<\/p>\n<p>Por este motivo, los trabajadores, encabezados por Miguel Cavalli y Sergio Shutte, pidieron restablecer a la Subsecretaria de Actividades Portuarias (SAP) como \u00fanico admnistrador del fondo portuario provincial, derogar en forma inmediata los decretos 636\/16 y 946\/16, dar de baja los contratos de los agentes que ingresaron violando el cct 164\/75 y lo normado en la ley 14.815 de emergencia administrativa.<\/p>\n<p>Tambi\u00e9n reclamaron integrar una mesa de trabajo para normalizar los circuitos administrativos en el \u00e1mbito de la subsecretaria, la aprobaci\u00f3n de una estructura definitiva para la SAP, la formalizaci\u00f3n de equipo de trabajo con intervenci\u00f3n de APDFA para lograr el ordenamiento legal en cuanto al funcionamiento de la subsecretaria, una mesa de trabajo con APDFA para elaborar un plan conjunto sobre los puertos deportivos de la provincia, la intervenci\u00f3n en la elaboraci\u00f3n de la nueva ley de puertos y el tratamiento y aprobaci\u00f3n del nuevo convenio colectivo de trabajo.<\/p>\n<p>DATOS DE CONTACTO PRENSA APDFA PUERTOS<\/p>\n<p>&#8211; Para notas: Miguel Cavalli, secretario general de la seccional Buenos Aires Puertos: (011) 3071-0687<\/p>\n<p>&#8211; Email: apdfapuertosprensa@gmail.com<\/p>\n<p>&#8211; Twitter: https:\/\/twitter.com\/APDFAPuertos<\/p>\n","protected":false},"excerpt":{"rendered":"<p>\u00a0 La Asociaci\u00f3n del Personal de Direcci\u00f3n de los Ferrocarriles y Puertos Argentinos (APDFA) alert\u00f3 sobre el grave deterioro del sistema portuario bonaerense y solicit\u00f3 una urgente reuni\u00f3n con el nuevo ministro de Producci\u00f3n, Joaqu\u00edn de la Torre, para resolver las problem\u00e1ticas del sector. A trav\u00e9s de las seccionales Buenos Aires Puertos y Puertos del&hellip;<\/p>\n","protected":false},"author":1,"featured_media":0,"comment_status":"open","ping_status":"open","sticky":false,"template":"","format":"standard","meta":{"footnotes":""},"categories":[16],"tags":[19410,7265,24249,17121],"class_list":["post-61841","post","type-post","status-publish","format-standard","hentry","category-gremiales","tag-apdfa","tag-maria-eugenia-vidal","tag-miguel-cavalli","tag-sap"],"_links":{"self":[{"href":"https:\/\/www.elsindical.com.ar\/notas\/wp-json\/wp\/v2\/posts\/61841","targetHints":{"allow":["GET"]}}],"collection":[{"href":"https:\/\/www.elsindical.com.ar\/notas\/wp-json\/wp\/v2\/posts"}],"about":[{"href":"https:\/\/www.elsindical.com.ar\/notas\/wp-json\/wp\/v2\/types\/post"}],"author":[{"embeddable":true,"href":"https:\/\/www.elsindical.com.ar\/notas\/wp-json\/wp\/v2\/users\/1"}],"replies":[{"embeddable":true,"href":"https:\/\/www.elsindical.com.ar\/notas\/wp-json\/wp\/v2\/comments?post=61841"}],"version-history":[{"count":1,"href":"https:\/\/www.elsindical.com.ar\/notas\/wp-json\/wp\/v2\/posts\/61841\/revisions"}],"predecessor-version":[{"id":61842,"href":"https:\/\/www.elsindical.com.ar\/notas\/wp-json\/wp\/v2\/posts\/61841\/revisions\/61842"}],"wp:attachment":[{"href":"https:\/\/www.elsindical.com.ar\/notas\/wp-json\/wp\/v2\/media?parent=61841"}],"wp:term":[{"taxonomy":"category","embeddable":true,"href":"https:\/\/www.elsindical.com.ar\/notas\/wp-json\/wp\/v2\/categories?post=61841"},{"taxonomy":"post_tag","embeddable":true,"href":"https:\/\/www.elsindical.com.ar\/notas\/wp-json\/wp\/v2\/tags?post=61841"}],"curies":[{"name":"wp","href":"https:\/\/api.w.org\/{rel}","templated":true}]}}