{"id":61816,"date":"2016-08-31T22:23:04","date_gmt":"2016-09-01T01:23:04","guid":{"rendered":"http:\/\/www.elsindical.com.ar\/notas\/?p=61816"},"modified":"2016-08-31T22:23:04","modified_gmt":"2016-09-01T01:23:04","slug":"acuerdo-entre-apdfa-y-portuarios-de-zona-norte","status":"publish","type":"post","link":"https:\/\/www.elsindical.com.ar\/notas\/acuerdo-entre-apdfa-y-portuarios-de-zona-norte\/","title":{"rendered":"Acuerdo entre APDFA y Portuarios de Zona Norte"},"content":{"rendered":"<div dir=\"ltr\">\n<p><span style=\"color: #000000;\"><b><a href=\"http:\/\/www.elsindical.com.ar\/notas\/var\/www\/html\/notas\/wp-content\/uploads\/2016\/08\/APDFA-en-Puerto-Olivos-1.jpg\"><img loading=\"lazy\" decoding=\"async\" class=\"alignnone size-medium wp-image-61817\" src=\"http:\/\/www.elsindical.com.ar\/notas\/var\/www\/html\/notas\/wp-content\/uploads\/2016\/08\/APDFA-en-Puerto-Olivos-1-300x200.jpg\" alt=\"APDFA-en-Puerto-Olivos-1\" width=\"300\" height=\"200\" srcset=\"https:\/\/www.elsindical.com.ar\/notas\/var\/www\/html\/notas\/wp-content\/uploads\/2016\/08\/APDFA-en-Puerto-Olivos-1-300x200.jpg 300w, https:\/\/www.elsindical.com.ar\/notas\/var\/www\/html\/notas\/wp-content\/uploads\/2016\/08\/APDFA-en-Puerto-Olivos-1-450x300.jpg 450w, https:\/\/www.elsindical.com.ar\/notas\/var\/www\/html\/notas\/wp-content\/uploads\/2016\/08\/APDFA-en-Puerto-Olivos-1.jpg 738w\" sizes=\"auto, (max-width: 300px) 100vw, 300px\" \/><\/a>COMUNICADO DE PRENSA |<\/b>\u00a031 de agosto de 2016.<\/span><\/p>\n<p><span style=\"color: #000000;\">Acuerdo entre APDFA y Portuarios de Zona Norte<\/span><\/p>\n<p><span style=\"color: #000000;\"><b>Resaltan la necesidad de personal portuario en el puerto de Olivos<\/b><\/span><\/p>\n<p><span style=\"color: #000000;\">Autoridades de la<b>\u00a0Asociaci\u00f3n del Personal de Direcci\u00f3n de los Ferrocarriles y Puertos Argentinos (APDFA)<\/b>\u00a0y del\u00a0<b>Sindicato de Portuarios Zona Norte (SPZN)\u00a0<\/b>acordaron este martes realizar trabajos de cooperaci\u00f3n sindical en el \u00e1mbito de los puertos deportivos de la regi\u00f3n, durante un encuentro en el Puerto de Olivos.<\/span><\/p>\n<p><span style=\"color: #000000;\">De esta manera, los dos gremios con representaci\u00f3n en\u00a0<b>Federaci\u00f3n Mar\u00edtima Portuaria y de La Industria Naval de La Rep\u00fablica Argentina (FeMPINRA)\u00a0<\/b>implementar\u00e1n acciones en forma conjunta en los puertos deportivos de la zona norte. Adem\u00e1s, en la cita se consider\u00f3 especialmente la situaci\u00f3n de los puertos de Olivos y San Isidro, ambos en v\u00edas de cesi\u00f3n de su explotaci\u00f3n y administraci\u00f3n a los respectivos municipios.<\/span><\/p>\n<p><span style=\"color: #000000;\">De la reuni\u00f3n participaron miembros de las seccionales Puerto Capital y Buenos Aires Puertos de APDFA que encabezan\u00a0<b>Gabriel Preci\u00a0<\/b>y<b>\u00a0Miguel Cavalli<\/b>, respectivamente, la\u00a0<b>Dra. Mirta Go\u00f1i\u00a0<\/b>en representaci\u00f3n del secretariado nacional de APDFA y dirigentes de la comisi\u00f3n nacional del SPZA que lidera\u00a0<b>Roberto Luna<\/b>.<\/span><\/p>\n<p><span style=\"color: #000000;\">Seg\u00fan informaron fuentes sindicales, el proceso de conformaci\u00f3n del Consorcio del Puerto de Olivos, que nunca prosper\u00f3, aceler\u00f3 en las autoridades la idea de gesti\u00f3n por parte de Vicente L\u00f3pez. Ante esta situaci\u00f3n, ambos gremios propondr\u00e1n, con el apoyo de FeMPINRA, la<b>necesidad que la nueva gesti\u00f3n sea acompa\u00f1ada por personal portuario<\/b>\u00a0aportando la experiencia de muchos a\u00f1os en puertos deportivos.<\/span><\/p>\n<p><span style=\"color: #000000;\"><a title=\"Este enlace externo se abrir\u00e1 en una nueva ventana\" target=\"_blank\" name=\"m_-6016255063853534427_m_-8817429371781333150__GoBack\"><\/a>Durante el encuentro\u00a0<b>se consideraron temas que ser\u00e1n tratados en conjunto pr\u00f3ximamente<\/b>, como el trabajo en negro de muchos trabajadores portuarios de clubes n\u00e1uticos, la asimetr\u00eda entre el cobro del espejo de agua de la provincia a los clubes n\u00e1uticos y lo que estos \u00faltimos cobran de membres\u00eda a sus socios por el espacio acu\u00e1tico. Tambi\u00e9n se analizaron aspectos sobre los convenios colectivos federativos y propios.<\/span><\/p>\n<p><span style=\"color: #000000;\">Finalmente, las autoridades visitaron la actual sede del malogrado Consorcio sobre la calle Alberdi, una linda casona de estilo, donde desarrolla tareas una sola persona, en contraste con los contenedores oficina donde en la actualidad el personal portuario de Olivos trabaja sin agua potable, sin ba\u00f1os, hacinados en la misma.<\/span><\/p>\n<p><span style=\"color: #000000;\"><span style=\"font-family: Times New Roman, serif;\"><b>DATOS DE CONTACTO PRENSA APDFA PUERTOS<\/b><\/span><\/span><\/p>\n<p><span style=\"color: #000000;\"><span style=\"font-family: arial, helvetica, sans-serif;\">&#8211; Para notas: Miguel Cavalli, secretario general de la seccional Buenos Aires Puertos: (011) 3071-0687<\/span><\/span><\/p>\n<p><span style=\"color: #000000;\"><span style=\"font-family: arial, helvetica, sans-serif;\">&#8211; Email:\u00a0<\/span><span lang=\"zxx\"><u><a title=\"Este enlace externo se abrir\u00e1 en una nueva ventana\" href=\"https:\/\/afrodita.astranetwork.net:2096\/cpsess4300512940\/3rdparty\/squirrelmail\/src\/compose.php?send_to=apdfapuertosprensa@gmail.com\" target=\"_blank\"><span style=\"font-family: arial, helvetica, sans-serif;\">apdfapuertosprensa@<wbr \/>gmail.com<\/span><\/a><\/u><\/span><\/span><\/p>\n<p><span style=\"color: #000000;\"><span style=\"font-family: arial, helvetica, sans-serif;\">&#8211; Twitter:\u00a0<\/span><span lang=\"zxx\"><u><a title=\"Este enlace externo se abrir\u00e1 en una nueva ventana\" href=\"https:\/\/twitter.com\/APDFAPuertos\" target=\"_blank\"><span style=\"font-family: arial, helvetica, sans-serif;\">https:\/\/twitter.com\/A<wbr \/>PDFAPuertos<\/span><\/a><\/u><\/span><\/span><\/p>\n<\/div>\n","protected":false},"excerpt":{"rendered":"<p>COMUNICADO DE PRENSA |\u00a031 de agosto de 2016. Acuerdo entre APDFA y Portuarios de Zona Norte Resaltan la necesidad de personal portuario en el puerto de Olivos Autoridades de la\u00a0Asociaci\u00f3n del Personal de Direcci\u00f3n de los Ferrocarriles y Puertos Argentinos (APDFA)\u00a0y del\u00a0Sindicato de Portuarios Zona Norte (SPZN)\u00a0acordaron este martes realizar trabajos de cooperaci\u00f3n sindical en&hellip;<\/p>\n","protected":false},"author":1,"featured_media":0,"comment_status":"open","ping_status":"open","sticky":false,"template":"","format":"standard","meta":{"footnotes":""},"categories":[16],"tags":[24299,24249,1395,2663,4497],"class_list":["post-61816","post","type-post","status-publish","format-standard","hentry","category-gremiales","tag-apdfap","tag-miguel-cavalli","tag-olivos","tag-puertos","tag-zona-norte"],"_links":{"self":[{"href":"https:\/\/www.elsindical.com.ar\/notas\/wp-json\/wp\/v2\/posts\/61816","targetHints":{"allow":["GET"]}}],"collection":[{"href":"https:\/\/www.elsindical.com.ar\/notas\/wp-json\/wp\/v2\/posts"}],"about":[{"href":"https:\/\/www.elsindical.com.ar\/notas\/wp-json\/wp\/v2\/types\/post"}],"author":[{"embeddable":true,"href":"https:\/\/www.elsindical.com.ar\/notas\/wp-json\/wp\/v2\/users\/1"}],"replies":[{"embeddable":true,"href":"https:\/\/www.elsindical.com.ar\/notas\/wp-json\/wp\/v2\/comments?post=61816"}],"version-history":[{"count":1,"href":"https:\/\/www.elsindical.com.ar\/notas\/wp-json\/wp\/v2\/posts\/61816\/revisions"}],"predecessor-version":[{"id":61818,"href":"https:\/\/www.elsindical.com.ar\/notas\/wp-json\/wp\/v2\/posts\/61816\/revisions\/61818"}],"wp:attachment":[{"href":"https:\/\/www.elsindical.com.ar\/notas\/wp-json\/wp\/v2\/media?parent=61816"}],"wp:term":[{"taxonomy":"category","embeddable":true,"href":"https:\/\/www.elsindical.com.ar\/notas\/wp-json\/wp\/v2\/categories?post=61816"},{"taxonomy":"post_tag","embeddable":true,"href":"https:\/\/www.elsindical.com.ar\/notas\/wp-json\/wp\/v2\/tags?post=61816"}],"curies":[{"name":"wp","href":"https:\/\/api.w.org\/{rel}","templated":true}]}}