{"id":61718,"date":"2016-08-27T13:31:51","date_gmt":"2016-08-27T16:31:51","guid":{"rendered":"http:\/\/www.elsindical.com.ar\/notas\/?p=61718"},"modified":"2016-08-27T13:31:51","modified_gmt":"2016-08-27T16:31:51","slug":"arreseygor-los-productores-se-estan-fundiendo","status":"publish","type":"post","link":"https:\/\/www.elsindical.com.ar\/notas\/arreseygor-los-productores-se-estan-fundiendo\/","title":{"rendered":"Arreseygor: \u00ablos productores se est\u00e1n fundiendo\u00bb"},"content":{"rendered":"<p class=\"copete\"><em><a href=\"http:\/\/www.elsindical.com.ar\/notas\/var\/www\/html\/notas\/wp-content\/uploads\/2015\/05\/Gustavo-Arreseygor-secretario-general-del-SATHA.jpg\"><img loading=\"lazy\" decoding=\"async\" class=\"alignnone size-medium wp-image-51115\" src=\"http:\/\/www.elsindical.com.ar\/notas\/var\/www\/html\/notas\/wp-content\/uploads\/2015\/05\/Gustavo-Arreseygor-secretario-general-del-SATHA-300x181.jpg\" alt=\"Gustavo-Arreseygor,-secretario-general-del-SATHA\" width=\"300\" height=\"181\" srcset=\"https:\/\/www.elsindical.com.ar\/notas\/var\/www\/html\/notas\/wp-content\/uploads\/2015\/05\/Gustavo-Arreseygor-secretario-general-del-SATHA-300x181.jpg 300w, https:\/\/www.elsindical.com.ar\/notas\/var\/www\/html\/notas\/wp-content\/uploads\/2015\/05\/Gustavo-Arreseygor-secretario-general-del-SATHA-496x300.jpg 496w, https:\/\/www.elsindical.com.ar\/notas\/var\/www\/html\/notas\/wp-content\/uploads\/2015\/05\/Gustavo-Arreseygor-secretario-general-del-SATHA.jpg 620w\" sizes=\"auto, (max-width: 300px) 100vw, 300px\" \/><\/a>\u00a0 As\u00ed lo afirm\u00f3 el Secretario General de SATHA, Gustavo Arreseygor, en referencia a la situaci\u00f3n del sector hort\u00edcola. \u201cSi el gobierno no hace algo a fin de a\u00f1o los productores van a tener que regalar el tomate y el morr\u00f3n antes de tirarlo en el campo haciendo monta\u00f1as\u201d, sentenci\u00f3.<\/em><\/p>\n<p>En los \u00faltimos d\u00edas muchos se sorprendieron al ver a los productores de peras y manzanas del Alto Valle de R\u00edo Negro regalando frutas en se\u00f1al de protesta por la realidad del sector. Sin embargo esta situaci\u00f3n no fue la \u00fanica que llam\u00f3 la atenci\u00f3n, ya que tambi\u00e9n encendi\u00f3 una luz de alarma la gran cantidad de personas que se acercaron a Plaza de Mayo a buscar comida.<\/p>\n<p>Desde SATHA advierten que la situaci\u00f3n se puede repetir pero con los productos del cord\u00f3n hort\u00edcola de La Plata para finales de este a\u00f1o, ya que la situaci\u00f3n econ\u00f3mica general no pareciera mejorar, \u201clo que paso con los productores del sur puede pasar en unos meses con los productores de la zona, el gobierno debe cuidar las econom\u00edas regionales en lugar de abrir las importaciones\u201d.<\/p>\n<p>\u201cPareciera que algunos funcionarios no se dan cuenta que hay productores que se est\u00e1n fundiendo y personas que hacen colas de 3 cuadras buscando comida, nosotros necesitamos que los productores est\u00e9n bien para garantizar el trabajo de nuestros compa\u00f1eros\u201d, afirm\u00f3 el Secretario General del Sindicato Argentino de Trabajadores Horticultores y Agrarios.<\/p>\n<p>Finalmente el l\u00edder del Sindicato Agrario cuestiono al gobierno al afirmar, \u201clos funcionarios tienen que dejarse ayudar y no ser soberbios, porque solos no van a poder resolver los problemas, estamos muy complicados, pero queremos ayudar, y que nos ayuden\u201d<\/p>\n","protected":false},"excerpt":{"rendered":"<p>\u00a0 As\u00ed lo afirm\u00f3 el Secretario General de SATHA, Gustavo Arreseygor, en referencia a la situaci\u00f3n del sector hort\u00edcola. \u201cSi el gobierno no hace algo a fin de a\u00f1o los productores van a tener que regalar el tomate y el morr\u00f3n antes de tirarlo en el campo haciendo monta\u00f1as\u201d, sentenci\u00f3. En los \u00faltimos d\u00edas muchos&hellip;<\/p>\n","protected":false},"author":1,"featured_media":0,"comment_status":"open","ping_status":"open","sticky":false,"template":"","format":"standard","meta":{"footnotes":""},"categories":[16],"tags":[20988,239,20984],"class_list":["post-61718","post","type-post","status-publish","format-standard","hentry","category-gremiales","tag-gustavo-arreseygor","tag-la-plata","tag-satha"],"_links":{"self":[{"href":"https:\/\/www.elsindical.com.ar\/notas\/wp-json\/wp\/v2\/posts\/61718","targetHints":{"allow":["GET"]}}],"collection":[{"href":"https:\/\/www.elsindical.com.ar\/notas\/wp-json\/wp\/v2\/posts"}],"about":[{"href":"https:\/\/www.elsindical.com.ar\/notas\/wp-json\/wp\/v2\/types\/post"}],"author":[{"embeddable":true,"href":"https:\/\/www.elsindical.com.ar\/notas\/wp-json\/wp\/v2\/users\/1"}],"replies":[{"embeddable":true,"href":"https:\/\/www.elsindical.com.ar\/notas\/wp-json\/wp\/v2\/comments?post=61718"}],"version-history":[{"count":1,"href":"https:\/\/www.elsindical.com.ar\/notas\/wp-json\/wp\/v2\/posts\/61718\/revisions"}],"predecessor-version":[{"id":61719,"href":"https:\/\/www.elsindical.com.ar\/notas\/wp-json\/wp\/v2\/posts\/61718\/revisions\/61719"}],"wp:attachment":[{"href":"https:\/\/www.elsindical.com.ar\/notas\/wp-json\/wp\/v2\/media?parent=61718"}],"wp:term":[{"taxonomy":"category","embeddable":true,"href":"https:\/\/www.elsindical.com.ar\/notas\/wp-json\/wp\/v2\/categories?post=61718"},{"taxonomy":"post_tag","embeddable":true,"href":"https:\/\/www.elsindical.com.ar\/notas\/wp-json\/wp\/v2\/tags?post=61718"}],"curies":[{"name":"wp","href":"https:\/\/api.w.org\/{rel}","templated":true}]}}