{"id":61676,"date":"2016-08-24T10:38:28","date_gmt":"2016-08-24T13:38:28","guid":{"rendered":"http:\/\/www.elsindical.com.ar\/notas\/?p=61676"},"modified":"2016-08-24T10:38:28","modified_gmt":"2016-08-24T13:38:28","slug":"desafectaron-a-dos-custodios-de-la-gobernadora-vidal","status":"publish","type":"post","link":"https:\/\/www.elsindical.com.ar\/notas\/desafectaron-a-dos-custodios-de-la-gobernadora-vidal\/","title":{"rendered":"Desafectaron a dos custodios de la gobernadora Vidal"},"content":{"rendered":"<p><em><a href=\"http:\/\/www.elsindical.com.ar\/notas\/var\/www\/html\/notas\/wp-content\/uploads\/2016\/06\/Vidal-Sonriente.jpg\"><img loading=\"lazy\" decoding=\"async\" class=\"alignnone size-medium wp-image-60211\" src=\"http:\/\/www.elsindical.com.ar\/notas\/var\/www\/html\/notas\/wp-content\/uploads\/2016\/06\/Vidal-Sonriente-300x169.jpg\" alt=\"Vidal-Sonriente\" width=\"300\" height=\"169\" srcset=\"https:\/\/www.elsindical.com.ar\/notas\/var\/www\/html\/notas\/wp-content\/uploads\/2016\/06\/Vidal-Sonriente-300x169.jpg 300w, https:\/\/www.elsindical.com.ar\/notas\/var\/www\/html\/notas\/wp-content\/uploads\/2016\/06\/Vidal-Sonriente-500x282.jpg 500w, https:\/\/www.elsindical.com.ar\/notas\/var\/www\/html\/notas\/wp-content\/uploads\/2016\/06\/Vidal-Sonriente.jpg 531w\" sizes=\"auto, (max-width: 300px) 100vw, 300px\" \/><\/a>\u00a0 Fue luego de que apareciera un cartucho de escopeta en el garaje de la vivienda que cuidaban.\u00a0\u00a0\u00a0\u00a0\u00a0\u00a0\u00a0\u00a0\u00a0\u00a0\u00a0\u00a0\u00a0\u00a0\u00a0\u00a0\u00a0\u00a0\u00a0\u00a0\u00a0\u00a0\u00a0\u00a0\u00a0<\/em><\/p>\n<p>Las autoridades de la Provincia desafectaron a dos agentes que deb\u00edan cuidar la vivienda que la gobernadora Vidal tiene en la localidad de Castelar en el marco de la investigaci\u00f3n por amenazas.<\/p>\n<p>La decisi\u00f3n se tom\u00f3 tras la aparici\u00f3n de un cartucho de escopeta sin percutir en el garaje de la casa que la Gobernadora ocupaba hasta hace pocas semanas. Actualmente vive en la Base A\u00e9rea de Mor\u00f3n.<\/p>\n<p>Los efectivos, identificados como Ismael Alejandro Naiouf y Jorge Hern\u00e1n Mej\u00edas, quedaron en la mira porque dejaron sus puestos minutos antes de que un desconocido tirara la munici\u00f3n.<\/p>\n<p>Ambos argumentaron que se alejaron de sus puestos durante una hora, porque deb\u00edan ir a la seccional de Castelar Norte para retirar un vale que les permitiera cargarle combustible al patrullero en el que se movilizaban.<\/p>\n<p>La explicaci\u00f3n no fue convincente y provoc\u00f3 una primera medida: primero allanaron sus propiedades por orden del fiscal de Mor\u00f3n Claudio Oviedo; all\u00ed secuestraron tel\u00e9fonos y documentaci\u00f3n. Luego se decidi\u00f3 directamente desafectarlos de la custodia.<\/p>\n","protected":false},"excerpt":{"rendered":"<p>\u00a0 Fue luego de que apareciera un cartucho de escopeta en el garaje de la vivienda que cuidaban.\u00a0\u00a0\u00a0\u00a0\u00a0\u00a0\u00a0\u00a0\u00a0\u00a0\u00a0\u00a0\u00a0\u00a0\u00a0\u00a0\u00a0\u00a0\u00a0\u00a0\u00a0\u00a0\u00a0\u00a0\u00a0 Las autoridades de la Provincia desafectaron a dos agentes que deb\u00edan cuidar la vivienda que la gobernadora Vidal tiene en la localidad de Castelar en el marco de la investigaci\u00f3n por amenazas. La decisi\u00f3n se tom\u00f3 tras&hellip;<\/p>\n","protected":false},"author":1,"featured_media":0,"comment_status":"open","ping_status":"open","sticky":false,"template":"","format":"standard","meta":{"footnotes":""},"categories":[13],"tags":[2548,24260],"class_list":["post-61676","post","type-post","status-publish","format-standard","hentry","category-politica","tag-escopeta","tag-gobernadora-maria-eugenia-vidal"],"_links":{"self":[{"href":"https:\/\/www.elsindical.com.ar\/notas\/wp-json\/wp\/v2\/posts\/61676","targetHints":{"allow":["GET"]}}],"collection":[{"href":"https:\/\/www.elsindical.com.ar\/notas\/wp-json\/wp\/v2\/posts"}],"about":[{"href":"https:\/\/www.elsindical.com.ar\/notas\/wp-json\/wp\/v2\/types\/post"}],"author":[{"embeddable":true,"href":"https:\/\/www.elsindical.com.ar\/notas\/wp-json\/wp\/v2\/users\/1"}],"replies":[{"embeddable":true,"href":"https:\/\/www.elsindical.com.ar\/notas\/wp-json\/wp\/v2\/comments?post=61676"}],"version-history":[{"count":1,"href":"https:\/\/www.elsindical.com.ar\/notas\/wp-json\/wp\/v2\/posts\/61676\/revisions"}],"predecessor-version":[{"id":61677,"href":"https:\/\/www.elsindical.com.ar\/notas\/wp-json\/wp\/v2\/posts\/61676\/revisions\/61677"}],"wp:attachment":[{"href":"https:\/\/www.elsindical.com.ar\/notas\/wp-json\/wp\/v2\/media?parent=61676"}],"wp:term":[{"taxonomy":"category","embeddable":true,"href":"https:\/\/www.elsindical.com.ar\/notas\/wp-json\/wp\/v2\/categories?post=61676"},{"taxonomy":"post_tag","embeddable":true,"href":"https:\/\/www.elsindical.com.ar\/notas\/wp-json\/wp\/v2\/tags?post=61676"}],"curies":[{"name":"wp","href":"https:\/\/api.w.org\/{rel}","templated":true}]}}