{"id":61632,"date":"2016-08-23T02:07:10","date_gmt":"2016-08-23T05:07:10","guid":{"rendered":"http:\/\/www.elsindical.com.ar\/notas\/?p=61632"},"modified":"2016-08-23T02:07:10","modified_gmt":"2016-08-23T05:07:10","slug":"massa-no-hay-peor-palo-en-la-rueda-que-la-inflacion","status":"publish","type":"post","link":"https:\/\/www.elsindical.com.ar\/notas\/massa-no-hay-peor-palo-en-la-rueda-que-la-inflacion\/","title":{"rendered":"Massa \u201cNo hay peor palo en la rueda que la inflaci\u00f3n\u201d"},"content":{"rendered":"<p class=\"bajada\"><em>\u00a0\u00a0<a href=\"http:\/\/www.elsindical.com.ar\/notas\/var\/www\/html\/notas\/wp-content\/uploads\/2016\/08\/Sergio-Massa-declaraciones-a-la-prensa.jpg\"><img loading=\"lazy\" decoding=\"async\" class=\"alignnone size-medium wp-image-61633\" src=\"http:\/\/www.elsindical.com.ar\/notas\/var\/www\/html\/notas\/wp-content\/uploads\/2016\/08\/Sergio-Massa-declaraciones-a-la-prensa-300x188.jpg\" alt=\"Sergio Massa declaraciones a la prensa\" width=\"300\" height=\"188\" srcset=\"https:\/\/www.elsindical.com.ar\/notas\/var\/www\/html\/notas\/wp-content\/uploads\/2016\/08\/Sergio-Massa-declaraciones-a-la-prensa-300x188.jpg 300w, https:\/\/www.elsindical.com.ar\/notas\/var\/www\/html\/notas\/wp-content\/uploads\/2016\/08\/Sergio-Massa-declaraciones-a-la-prensa-480x300.jpg 480w, https:\/\/www.elsindical.com.ar\/notas\/var\/www\/html\/notas\/wp-content\/uploads\/2016\/08\/Sergio-Massa-declaraciones-a-la-prensa.jpg 640w\" sizes=\"auto, (max-width: 300px) 100vw, 300px\" \/><\/a> El diputado respondi\u00f3 as\u00ed al mensaje que dio esta ma\u00f1ana el Presidente desde Avellaneda. \u201cLa inflaci\u00f3n es el palo en la rueda que a la gente no le permite llegar a fin de mes\u201d, destac\u00f3 el l\u00edder del Frente Renovador desde Echeverr\u00eda, donde encabez\u00f3 un encuentro con dirigentes locales. Celebr\u00f3 la sanci\u00f3n de la ley que pone fin a las reelecciones indefinidas.<\/em><\/p>\n<p id=\"pcontnota\">El ex candidato a presidente y l\u00edder del Frente Renovador, Sergio Massa, visit\u00f3 este lunes Esteban Echeverr\u00eda, donde recorri\u00f3 el hogar Casa Manu, que alberga a chicos con HIV, y luego mantuvo un encuentro con dirigentes del espacio en Monte Grande. En di\u00e1logo con la prensa, celebr\u00f3 la sanci\u00f3n de la ley que limita las reelecciones indefinidas en la Provincia y le respondi\u00f3 al presidente Mauricio Macri, que este mediod\u00eda hab\u00eda pedido desde Avellaneda que los trabajadores \u201cno pongan palos en la rueda\u201d de las empresas.<\/p>\n<p><strong>\u201cNo hay peor palo en la rueda que la inflaci\u00f3n porque es el palo en la rueda que a la gente no le permite llegar a fin de mes\u201d<\/strong>, destac\u00f3 en una improvisada rueda de prensa antes de ingresar a un local gastron\u00f3mico ubicado en Dorrego y Dardo Rocha, pleno centro de Monte Grande, donde se reunieron dirigentes como las diputadas nacionales M\u00f3nica Litza y Mirta Tundis, el senador bonaerense Jos\u00e9 Luis Pallares, y concejales del distrito.<\/p>\n<p>En otro orden, manifest\u00f3 su preocupaci\u00f3n por la inseguridad en el Conurbano bonaerense luego del asesinato de Nicol\u00e1s Gamboni, hijo de una dirigente del massismo, en Remedios de Escalada. \u201cHabl\u00e9 con Claudia, su mam\u00e1. Desgraciadamente le pas\u00f3 a ella, pero ella es una de las tantas que <strong>son v\u00edctimas, no s\u00f3lo de la inseguridad, sino de un sistema que es perverso. La polic\u00eda Bonaerense no combate el delito, lo regula. Si no dividimos la Bonaerense, que es la mafia que regula el delito en la provincia de Buenos Aires, no vamos a lograr que haya seguridad en nuestra Provincia<\/strong>\u201d, enfatiz\u00f3.<\/p>\n<p><strong>L\u00edmite a las reelecciones en la Provincia.<\/strong> Luego de que el Senado sancionara la semana pasada la ley que pone l\u00edmite a las reelecciones de intendentes, concejales, consejeros escolares y legisladores en territorio bonaerense, <strong>Massa elogi\u00f3 que \u201clos pol\u00edticos ya no se pueden quedar a vivir en los cargos\u201d<\/strong><\/p>\n<p>\u201c<strong>Se termin\u00f3 la eternidad en la pol\u00edtica. Esto de que hab\u00eda dirigentes que llegaban a un cargo y se quedaban a vivir, se termin\u00f3.<\/strong> La ley, que planteamos por primera vez en 2012 y tom\u00f3 estado parlamentario en 2013, es un proyecto del Frente Renovador, pero no importa de qui\u00e9n sea, lo importante es que los pol\u00edticos ya no se pueden quedar a vivir en los cargos\u201d, destac\u00f3.<\/p>\n<p>Y advirti\u00f3: \u201cLa gente no es tonta. Y los dirigentes saben que los que quieren hacer trampa para romper el fin de su eternidad van a sentir el castigo en las urnas\u201d.<\/p>\n<p>Massa destac\u00f3 que el FR se consolida como \u201cuna alternativa democr\u00e1tica al gobierno de Macri\u201d. \u201cSomos una fuerza pol\u00edtica que tiene la particularidad de que el 25 de octubre sali\u00f3 tercera y, a pesar de eso, logr\u00f3 una centralidad \u00fanica. En Argentina, a partir de la vuelta de la democracia, cada vez que una fuerza sal\u00eda tercera se dilu\u00eda en derredor de quien sal\u00eda primero o segundo. Y, a nosotros, gracias a Dios, no nos ha pasado\u201d.<\/p>\n<p><strong>En ese marco, se\u00f1al\u00f3 que su espacio est\u00e1 dispuesto a recibir a dirigentes del peronismo, el radicalismo y el progresismo, aunque se distanci\u00f3 del Gobierno y del kirchnerismo duro. \u201cNo necesitamos ni tirar piedras ni instalar una cultura del miedo para construir una alternativa pol\u00edtica. Nosotros construimos una fuerza pol\u00edtica en la que queremos que la gente conf\u00ede y quiera, no que le tema, como plantea Cristina. Caminamos por la calle sin patotas, sin custodia y sin tirar piedras, sino tirando propuestas<\/strong>\u201d, dispar\u00f3.<\/p>\n<p>Y sum\u00f3: \u201cNo queremos a los que traen prontuario en la mochila. Queremos a dirigentes y militantes que tengan sue\u00f1os, vengan del peronismo, del radicalismo, de los sectores progresistas, etc\u00e9tera. Que crean que la Argentina necesita reconstruir la esperanza para ayudar a los sectores que m\u00e1s lo necesitan\u201d.<\/p>\n<p>Massa fue contundente. Se\u00f1al\u00f3 que el tarifazo \u201cgener\u00f3 mucha incertidumbre\u201d, que jug\u00f3 en contra de la inflaci\u00f3n, y que hay que poner el ojo sobre la comercializaci\u00f3n: \u201cHay que mirar la cadena de valor, <strong>hay que terminar con el robo de los supermercados, que por ejemplo en la leche se llevan el 35 por ciento del precio, mientras el tambero se lleva solo el 16\u201d.<\/strong><\/p>\n<p>\u201cLe hemos marcado al Gobierno algunos temas que, para reducir la inflaci\u00f3n, son centrales. El primero que tiene que ver con las tarifas, que son parte de los gastos de la gente. Porque la inflaci\u00f3n es un n\u00famero que es resultado de los gastos que tiene la gente todos los d\u00edas y la suma del aumento de luz, de gas, de tel\u00e9fono, de agua, de combustibles, escuelas, ha llevado a que la gente se le haga cuesta arriba\u201d, critic\u00f3 y advirti\u00f3: \u00ab<strong>El Gobierno con el tarifazo gener\u00f3 mucha incertidumbre. La gente con el fallo de la Corte Suprema sinti\u00f3 alivio.<\/strong> Ayer, visitando algunos barrios en la zona norte del Gran Buenos Aires, lo que sent\u00edamos era a la gente con alivio, <strong>producto de sentir que el freno del tarifazo que dispuso la Corte le genera desahogo en sus cuentas<\/strong>\u00ab, se\u00f1al\u00f3.<\/p>\n<p>Junto al ex ministro de Desarrollo Social de la provincia de Buenos Aires, Daniel Arroyo, Massa visit\u00f3 el hogar que alberga a peque\u00f1os con HIV en Monte Grande, donde fue recibido por su directora, Silvia Casas.<\/p>\n<p>\u201cEstuvimos visitando a Silvia. Creemos que es importante, sobre todas las cosas, poner el acento donde hay que ponerlo y trabajar en instituciones como estas. Tenemos una justicia de familia que pareciera que no entiende lo que significa que un chico est\u00e9 esperando adopci\u00f3n. Reci\u00e9n compart\u00edamos con ella la situaci\u00f3n de un chiquito que lleg\u00f3 a los 28 d\u00edas al hogar, tiene 6 a\u00f1os y espera todav\u00eda que la sensibilidad de la justicia de familia se apiade de \u00e9l\u201d, se\u00f1al\u00f3.<\/p>\n<p><a class=\"PrettyLink profile customisable h-card\" dir=\"ltr\" href=\"https:\/\/twitter.com\/CasaMANUArg\" data-scribe=\"element:mention\" data-mentioned-user-id=\"2705174226\"><span class=\"PrettyLink-prefix\">@<\/span><span class=\"PrettyLink-value\">CasaMANUArg<\/span><\/a> a <a class=\"PrettyLink profile customisable h-card\" dir=\"ltr\" href=\"https:\/\/twitter.com\/SergioMassa\" data-scribe=\"element:mention\" data-mentioned-user-id=\"117185027\"><span class=\"PrettyLink-prefix\">@<\/span><span class=\"PrettyLink-value\">SergioMassa<\/span><\/a> \u00abPor tener cocina industrial, Metrogas nos cobra como Resto. Antes 400, ahora 4000\u00bb<\/p>\n","protected":false},"excerpt":{"rendered":"<p>\u00a0\u00a0 El diputado respondi\u00f3 as\u00ed al mensaje que dio esta ma\u00f1ana el Presidente desde Avellaneda. \u201cLa inflaci\u00f3n es el palo en la rueda que a la gente no le permite llegar a fin de mes\u201d, destac\u00f3 el l\u00edder del Frente Renovador desde Echeverr\u00eda, donde encabez\u00f3 un encuentro con dirigentes locales. Celebr\u00f3 la sanci\u00f3n de la&hellip;<\/p>\n","protected":false},"author":1,"featured_media":0,"comment_status":"open","ping_status":"open","sticky":false,"template":"","format":"standard","meta":{"footnotes":""},"categories":[13],"tags":[1799,76,24240,3918],"class_list":["post-61632","post","type-post","status-publish","format-standard","hentry","category-politica","tag-inflacion","tag-mauricio-macri","tag-palos-en-la-rueda","tag-sergio-massa"],"_links":{"self":[{"href":"https:\/\/www.elsindical.com.ar\/notas\/wp-json\/wp\/v2\/posts\/61632","targetHints":{"allow":["GET"]}}],"collection":[{"href":"https:\/\/www.elsindical.com.ar\/notas\/wp-json\/wp\/v2\/posts"}],"about":[{"href":"https:\/\/www.elsindical.com.ar\/notas\/wp-json\/wp\/v2\/types\/post"}],"author":[{"embeddable":true,"href":"https:\/\/www.elsindical.com.ar\/notas\/wp-json\/wp\/v2\/users\/1"}],"replies":[{"embeddable":true,"href":"https:\/\/www.elsindical.com.ar\/notas\/wp-json\/wp\/v2\/comments?post=61632"}],"version-history":[{"count":1,"href":"https:\/\/www.elsindical.com.ar\/notas\/wp-json\/wp\/v2\/posts\/61632\/revisions"}],"predecessor-version":[{"id":61634,"href":"https:\/\/www.elsindical.com.ar\/notas\/wp-json\/wp\/v2\/posts\/61632\/revisions\/61634"}],"wp:attachment":[{"href":"https:\/\/www.elsindical.com.ar\/notas\/wp-json\/wp\/v2\/media?parent=61632"}],"wp:term":[{"taxonomy":"category","embeddable":true,"href":"https:\/\/www.elsindical.com.ar\/notas\/wp-json\/wp\/v2\/categories?post=61632"},{"taxonomy":"post_tag","embeddable":true,"href":"https:\/\/www.elsindical.com.ar\/notas\/wp-json\/wp\/v2\/tags?post=61632"}],"curies":[{"name":"wp","href":"https:\/\/api.w.org\/{rel}","templated":true}]}}