{"id":61629,"date":"2016-08-23T01:51:12","date_gmt":"2016-08-23T04:51:12","guid":{"rendered":"http:\/\/www.elsindical.com.ar\/notas\/?p=61629"},"modified":"2016-08-23T01:51:12","modified_gmt":"2016-08-23T04:51:12","slug":"mauricio-macri-pidio-a-los-trabajadores-no-poner-palos-en-la-rueda","status":"publish","type":"post","link":"https:\/\/www.elsindical.com.ar\/notas\/mauricio-macri-pidio-a-los-trabajadores-no-poner-palos-en-la-rueda\/","title":{"rendered":"Mauricio Macri pidi\u00f3 a los trabajadores \u00abno poner palos en la rueda\u00bb"},"content":{"rendered":"<p class=\"bajada\"><em><a href=\"http:\/\/www.elsindical.com.ar\/notas\/var\/www\/html\/notas\/wp-content\/uploads\/2016\/08\/Macri-Droguer\u00eda-del-Sud.jpg\"><img loading=\"lazy\" decoding=\"async\" class=\"alignnone size-medium wp-image-61630\" src=\"http:\/\/www.elsindical.com.ar\/notas\/var\/www\/html\/notas\/wp-content\/uploads\/2016\/08\/Macri-Droguer\u00eda-del-Sud-300x188.jpg\" alt=\"Macri-Droguer\u00eda-del-Sud\" width=\"300\" height=\"188\" srcset=\"https:\/\/www.elsindical.com.ar\/notas\/var\/www\/html\/notas\/wp-content\/uploads\/2016\/08\/Macri-Droguer\u00eda-del-Sud-300x188.jpg 300w, https:\/\/www.elsindical.com.ar\/notas\/var\/www\/html\/notas\/wp-content\/uploads\/2016\/08\/Macri-Droguer\u00eda-del-Sud-479x300.jpg 479w, https:\/\/www.elsindical.com.ar\/notas\/var\/www\/html\/notas\/wp-content\/uploads\/2016\/08\/Macri-Droguer\u00eda-del-Sud.jpg 620w\" sizes=\"auto, (max-width: 300px) 100vw, 300px\" \/><\/a>\u00a0 Fue al inaugurar una planta de Droguer\u00eda del Sud. El Presidente reiter\u00f3 su reclamo de \u201cponer el m\u00e1ximo esfuerzo\u201d para \u201cestar cada d\u00eda un poco mejor\u201d. Evoc\u00f3 al general Juan Domingo Per\u00f3n al advertir: \u201cCada argentino tiene que producir lo mismo que consume\u201d. No hizo menci\u00f3n al tema tarifas ni al fallo de la Corte Suprema.<\/em><\/p>\n<p id=\"pcontnota\">El presidente Mauricio Macri encabez\u00f3, junto a la gobernadora Mar\u00eda Eugenia Vidal, un acto en Avellaneda, donde dej\u00f3 inaugurada una planta de Droguer\u00eda del Sud. En un discurso cargado de gui\u00f1os al empresariado, asegur\u00f3 que su gesti\u00f3n est\u00e1 impulsando un cambio que \u00abno es econ\u00f3mico sino cultural\u201d. Adem\u00e1s, pidi\u00f3 a los trabajadores \u00abno poner palos en la rueda\u00bb a las empresas, en una impl\u00edcita referencia a la reunificaci\u00f3n de la CGT, que se formaliz\u00f3 ayer.<\/p>\n<p>El acto se concret\u00f3 en la ma\u00f1ana de este lunes en Droguer\u00edas del Sud, que present\u00f3 su nueva planta distribuidora de medicamentos. En la ceremonia, Macri reclam\u00f3 \u201centender los debates que hay por estos d\u00edas\u201d porque \u201cno se trata de un cambio econ\u00f3mico sino cultural\u201d. \u201cSe trata de volver a nuestras fuentes\u201d, apunt\u00f3.<\/p>\n<p>\u201cEste lugar nos lleva a pensar que podemos hacer cosas de calidad, de avanzada. Combinar la mejor tecnolog\u00eda que existe en el mundo con nuestros recursos humanos\u201d, asegur\u00f3, pero llam\u00f3 a \u201cponer el m\u00e1ximo esfuerzo\u201d. \u201cNo hay manera de que podamos construir el pa\u00eds que so\u00f1amos si solamente algunos creen que tienen el compromiso y otra parte de la sociedad no\u201d, apunt\u00f3.<\/p>\n<p>Evoc\u00f3 a Juan Domingo Per\u00f3n al se\u00f1alar que \u201ccada argentino tiene que producir lo mismo que consume\u201d para estar \u201ccada d\u00eda un poco mejor\u201d. \u201c<strong>Cada uno en su lugar, entendiendo que cuando no cumple, hace trampa al sistema, fuerza un ausentismo, inventa un juicio, pone un palo en la rueda, est\u00e1 complic\u00e1ndole la vida a todos, al resto de la sociedad\u201d<\/strong>, sentenci\u00f3.<\/p>\n<p>Y a\u00f1adi\u00f3: \u00abEs fundamental que esta nueva etapa de cambio, entendamos de una vez y para siempre que somos todos un mismo equipo. No hay sector p\u00fablico o sector privado. Hay argentinos intentando pensar c\u00f3mo vamos a crecer. El camino es generar empleo de calidad para reducir la pobreza\u00bb.<\/p>\n<p><iframe loading=\"lazy\" src=\"https:\/\/www.youtube.com\/embed\/Z8Jhe-xQv-s\" width=\"580\" height=\"420\" frameborder=\"0\" allowfullscreen=\"allowfullscreen\"><\/iframe><\/p>\n","protected":false},"excerpt":{"rendered":"<p>\u00a0 Fue al inaugurar una planta de Droguer\u00eda del Sud. El Presidente reiter\u00f3 su reclamo de \u201cponer el m\u00e1ximo esfuerzo\u201d para \u201cestar cada d\u00eda un poco mejor\u201d. Evoc\u00f3 al general Juan Domingo Per\u00f3n al advertir: \u201cCada argentino tiene que producir lo mismo que consume\u201d. No hizo menci\u00f3n al tema tarifas ni al fallo de la&hellip;<\/p>\n","protected":false},"author":1,"featured_media":0,"comment_status":"open","ping_status":"open","sticky":false,"template":"","format":"standard","meta":{"footnotes":""},"categories":[13],"tags":[461,24239,7528,76,24240,125],"class_list":["post-61629","post","type-post","status-publish","format-standard","hentry","category-politica","tag-avellaneda","tag-drogueria-del-sud","tag-esfuerzo","tag-mauricio-macri","tag-palos-en-la-rueda","tag-trabajadores"],"_links":{"self":[{"href":"https:\/\/www.elsindical.com.ar\/notas\/wp-json\/wp\/v2\/posts\/61629","targetHints":{"allow":["GET"]}}],"collection":[{"href":"https:\/\/www.elsindical.com.ar\/notas\/wp-json\/wp\/v2\/posts"}],"about":[{"href":"https:\/\/www.elsindical.com.ar\/notas\/wp-json\/wp\/v2\/types\/post"}],"author":[{"embeddable":true,"href":"https:\/\/www.elsindical.com.ar\/notas\/wp-json\/wp\/v2\/users\/1"}],"replies":[{"embeddable":true,"href":"https:\/\/www.elsindical.com.ar\/notas\/wp-json\/wp\/v2\/comments?post=61629"}],"version-history":[{"count":1,"href":"https:\/\/www.elsindical.com.ar\/notas\/wp-json\/wp\/v2\/posts\/61629\/revisions"}],"predecessor-version":[{"id":61631,"href":"https:\/\/www.elsindical.com.ar\/notas\/wp-json\/wp\/v2\/posts\/61629\/revisions\/61631"}],"wp:attachment":[{"href":"https:\/\/www.elsindical.com.ar\/notas\/wp-json\/wp\/v2\/media?parent=61629"}],"wp:term":[{"taxonomy":"category","embeddable":true,"href":"https:\/\/www.elsindical.com.ar\/notas\/wp-json\/wp\/v2\/categories?post=61629"},{"taxonomy":"post_tag","embeddable":true,"href":"https:\/\/www.elsindical.com.ar\/notas\/wp-json\/wp\/v2\/tags?post=61629"}],"curies":[{"name":"wp","href":"https:\/\/api.w.org\/{rel}","templated":true}]}}