{"id":61551,"date":"2016-08-19T23:42:02","date_gmt":"2016-08-20T02:42:02","guid":{"rendered":"http:\/\/www.elsindical.com.ar\/notas\/?p=61551"},"modified":"2016-08-19T23:42:02","modified_gmt":"2016-08-20T02:42:02","slug":"dijo-que-la-violaron-5-jovenes-ahora-retiro-la-denuncia","status":"publish","type":"post","link":"https:\/\/www.elsindical.com.ar\/notas\/dijo-que-la-violaron-5-jovenes-ahora-retiro-la-denuncia\/","title":{"rendered":"Dijo que la violaron 5 j\u00f3venes: ahora retir\u00f3 la denuncia"},"content":{"rendered":"<p><em><a href=\"http:\/\/www.elsindical.com.ar\/notas\/var\/www\/html\/notas\/wp-content\/uploads\/2011\/03\/v\u00edctima-de-violaci\u00f3n.jpg\"><img loading=\"lazy\" decoding=\"async\" class=\"alignnone size-medium wp-image-12868\" src=\"http:\/\/www.elsindical.com.ar\/notas\/var\/www\/html\/notas\/wp-content\/uploads\/2011\/03\/v\u00edctima-de-violaci\u00f3n-300x133.jpg\" alt=\"v\u00edctima-de-violaci\u00f3n\" width=\"300\" height=\"133\" srcset=\"https:\/\/www.elsindical.com.ar\/notas\/var\/www\/html\/notas\/wp-content\/uploads\/2011\/03\/v\u00edctima-de-violaci\u00f3n-300x133.jpg 300w, https:\/\/www.elsindical.com.ar\/notas\/var\/www\/html\/notas\/wp-content\/uploads\/2011\/03\/v\u00edctima-de-violaci\u00f3n.jpg 413w\" sizes=\"auto, (max-width: 300px) 100vw, 300px\" \/><\/a>\u00a0 Se trata de la joven universitaria que dijo haber sido llevado a un departamento a la salida de un boliche, donde un grupo de amigos abus\u00f3 de ella. El abogado de los acusado dijo que hay filmaciones que muestran la inocencia de los chicos.\u00a0\u00a0\u00a0\u00a0\u00a0\u00a0\u00a0\u00a0<\/em><\/p>\n<p>La estudiante universitaria que hab\u00eda denunciado haber sido violada en un departamento del barrio porte\u00f1o de Recoleta desisti\u00f3 de continuar con la acci\u00f3n penal, luego de una audiencia en el Juzgado de Instrucci\u00f3n porte\u00f1o N\u00b0 29, a cargo del juez subrogante Marcelo Conlazo Zaval\u00eda, donde ampli\u00f3 su declaraci\u00f3n.<\/p>\n<p>\u00abEn virtud de una serie de contradicciones y por los cuatro videos que present\u00e9 como prueba, la joven opt\u00f3 por no instar la acci\u00f3n penal y desistir de la querella. Esta situaci\u00f3n obedeci\u00f3 a una acusaci\u00f3n confusa que demuestra la inocencia de mis asistidos\u00bb, dijo al diario La Naci\u00f3n el abogado Rafael C\u00faneo Libarona.<\/p>\n<p>En la audiencia, adem\u00e1s del juez Conlazo Zaval\u00eda, de la denunciante, de su abogada Cecilia Lacay y C\u00faneo Libarona, estuvieron la fiscal Estela Andrades y una asesora psicol\u00f3gica.<\/p>\n<p>\u00abSi este caso hubiese ocurrido diez a\u00f1os atr\u00e1s, todos los acusados estar\u00edan detenidos. Pero se pudo revertir por los videos que presentamos. Las pruebas m\u00e1s importantes de la defensa fueron las filmaciones\u00bb, sostuvo C\u00faneo Libarona.<\/p>\n<p>El caso tom\u00f3 estado p\u00fablico la semana pasada cuando la joven, cuya identidad se mantiene a resguardo, denunci\u00f3 que fue golpeada y violada por varios j\u00f3venes en un departamento de Recoleta, tras haber ido a bailar al local \u00abGOA-La France\u00bb, en Sarmiento al 1.600.<\/p>\n<p>Seg\u00fan constaba en su denuncia, el ataque sexual ocurri\u00f3 en un departamento de un edificio de Cop\u00e9rnico al 2.300, a pocos metros la embajada brit\u00e1nica y del Ministerio de Seguridad de la Naci\u00f3n.<\/p>\n<p>La chica dijo que se fue de la disco en un taxi con un joven y que cuando estaban desnudos tocaron el timbre y entraron cuatro muchachos m\u00e1s que quer\u00edan obligarla a mantener relaciones sexuales sin su consentimiento, mientras que los imputados aseguraron que ella accedi\u00f3 por su voluntad.<\/p>\n<p>\u00abPrimero dijo que se fue con un chico, despu\u00e9s dijo que fueron cuatro. Primero dijo que no tuvo sexo, despu\u00e9s que tuvo sexo consentido con dos. De no ser por los videos aportados, por la cordura del juzgado y la fiscal\u00eda, hoy los chicos estar\u00edan presos\u00bb, dijo C\u00faneo Libarona.<\/p>\n<p>Explic\u00f3 que \u00abluego de que el juez le exhibiera los cuatro videos aportados por la defensa, la chica se quebr\u00f3, desisti\u00f3 de su acusaci\u00f3n y desisti\u00f3 del rol de querellante\u00bb.<\/p>\n<p>El abogado de la joven, Fernando Soto, dijo que la decisi\u00f3n de la chica se dio luego de tener que dar explicaciones detalladas sobre su vida privada: \u00abno quer\u00eda sufrir m\u00e1s estigmatizaci\u00f3n\u00bb.<\/p>\n<p>\u00abSe encontr\u00f3 mirando sus videos delante del juez, un asistente social, abogados, la mayor\u00eda hombres y se vio superada por esa situaci\u00f3n. Estaba avergonzada y se sinti\u00f3 humillada, por eso opt\u00f3 por no continuar\u00bb, afirm\u00f3.<\/p>\n","protected":false},"excerpt":{"rendered":"<p>\u00a0 Se trata de la joven universitaria que dijo haber sido llevado a un departamento a la salida de un boliche, donde un grupo de amigos abus\u00f3 de ella. El abogado de los acusado dijo que hay filmaciones que muestran la inocencia de los chicos.\u00a0\u00a0\u00a0\u00a0\u00a0\u00a0\u00a0\u00a0 La estudiante universitaria que hab\u00eda denunciado haber sido violada en&hellip;<\/p>\n","protected":false},"author":1,"featured_media":0,"comment_status":"open","ping_status":"open","sticky":false,"template":"","format":"standard","meta":{"footnotes":""},"categories":[20],"tags":[501,175,378,3302,271],"class_list":["post-61551","post","type-post","status-publish","format-standard","hentry","category-judiciales","tag-abogado","tag-denuncia","tag-jovenes","tag-recoleta","tag-violacion"],"_links":{"self":[{"href":"https:\/\/www.elsindical.com.ar\/notas\/wp-json\/wp\/v2\/posts\/61551","targetHints":{"allow":["GET"]}}],"collection":[{"href":"https:\/\/www.elsindical.com.ar\/notas\/wp-json\/wp\/v2\/posts"}],"about":[{"href":"https:\/\/www.elsindical.com.ar\/notas\/wp-json\/wp\/v2\/types\/post"}],"author":[{"embeddable":true,"href":"https:\/\/www.elsindical.com.ar\/notas\/wp-json\/wp\/v2\/users\/1"}],"replies":[{"embeddable":true,"href":"https:\/\/www.elsindical.com.ar\/notas\/wp-json\/wp\/v2\/comments?post=61551"}],"version-history":[{"count":1,"href":"https:\/\/www.elsindical.com.ar\/notas\/wp-json\/wp\/v2\/posts\/61551\/revisions"}],"predecessor-version":[{"id":61552,"href":"https:\/\/www.elsindical.com.ar\/notas\/wp-json\/wp\/v2\/posts\/61551\/revisions\/61552"}],"wp:attachment":[{"href":"https:\/\/www.elsindical.com.ar\/notas\/wp-json\/wp\/v2\/media?parent=61551"}],"wp:term":[{"taxonomy":"category","embeddable":true,"href":"https:\/\/www.elsindical.com.ar\/notas\/wp-json\/wp\/v2\/categories?post=61551"},{"taxonomy":"post_tag","embeddable":true,"href":"https:\/\/www.elsindical.com.ar\/notas\/wp-json\/wp\/v2\/tags?post=61551"}],"curies":[{"name":"wp","href":"https:\/\/api.w.org\/{rel}","templated":true}]}}