{"id":61470,"date":"2016-08-16T03:39:10","date_gmt":"2016-08-16T06:39:10","guid":{"rendered":"http:\/\/www.elsindical.com.ar\/notas\/?p=61470"},"modified":"2016-08-16T03:39:10","modified_gmt":"2016-08-16T06:39:10","slug":"el-cunado-de-michetti-es-uno-de-los-jefes-de-la-agencia-federal-de-inteligencia","status":"publish","type":"post","link":"https:\/\/www.elsindical.com.ar\/notas\/el-cunado-de-michetti-es-uno-de-los-jefes-de-la-agencia-federal-de-inteligencia\/","title":{"rendered":"El cu\u00f1ado de Michetti es uno de los jefes de la Agencia Federal de Inteligencia"},"content":{"rendered":"<p><em><a href=\"http:\/\/www.elsindical.com.ar\/notas\/var\/www\/html\/notas\/wp-content\/uploads\/2016\/08\/Carlos-Tonelli.jpg\"><img loading=\"lazy\" decoding=\"async\" class=\"alignnone size-medium wp-image-61471\" src=\"http:\/\/www.elsindical.com.ar\/notas\/var\/www\/html\/notas\/wp-content\/uploads\/2016\/08\/Carlos-Tonelli-300x206.jpg\" alt=\"Carlos-Tonelli\" width=\"300\" height=\"206\" srcset=\"https:\/\/www.elsindical.com.ar\/notas\/var\/www\/html\/notas\/wp-content\/uploads\/2016\/08\/Carlos-Tonelli-300x206.jpg 300w, https:\/\/www.elsindical.com.ar\/notas\/var\/www\/html\/notas\/wp-content\/uploads\/2016\/08\/Carlos-Tonelli-437x300.jpg 437w, https:\/\/www.elsindical.com.ar\/notas\/var\/www\/html\/notas\/wp-content\/uploads\/2016\/08\/Carlos-Tonelli.jpg 620w\" sizes=\"auto, (max-width: 300px) 100vw, 300px\" \/><\/a>\u00a0 Carlos Tonelli, hermano de Juan Tonelli, novio de la vicepresidenta y due\u00f1o de la firma que recibe contratos del macrismo, tiene un importante cargo en el manejo de los agentes de Inteligencia.<\/em><\/p>\n<p>Carlos Tonelli, cu\u00f1ado de la vicepresidenta Gabriela Michetti, es el segundo al mando de la Direcci\u00f3n Operacional de Inteligencia Exterior. Su funci\u00f3n es la de relacionarse con los agentes de Inteligencia que trabajan en las embajadas argentinas alrededor del mundo.<\/p>\n<p>Seg\u00fan una nota de la revista Noticias, Tonelli es un reconocido lobbista de los laboratorios de medicamentos y se gradu\u00f3 como abogado en la Universidad Cat\u00f3lica. Ingres\u00f3 a la AFI a principios de la nueva gesti\u00f3n y su nombramiento fue confirmado la semana pasada en el Senado en una sesi\u00f3n expr\u00e9s de 45 minutos.<\/p>\n<p>De forma interina, Tonell\u00ed hab\u00eda quedado como Director Operacional de Inteligencia Exterior, pero ser\u00e1 reemplazado por Alejandro Colombo, quien tiempo atr\u00e1s tuvo un cortocircuito con el Papa Francisco cuando fue designado al Vaticano.<\/p>\n<p>Otro de los cambios que llamaron fueron los de de Gustavo Arribas y Silvia Majdalani como director y subdirectora de la AFI, ambos candidatos de Mauricio Macri. Sin embargo, se los critic\u00f3 desde distintos sectores por falta de idoneidad, causas por estafa y cuentas off shore.<\/p>\n","protected":false},"excerpt":{"rendered":"<p>\u00a0 Carlos Tonelli, hermano de Juan Tonelli, novio de la vicepresidenta y due\u00f1o de la firma que recibe contratos del macrismo, tiene un importante cargo en el manejo de los agentes de Inteligencia. Carlos Tonelli, cu\u00f1ado de la vicepresidenta Gabriela Michetti, es el segundo al mando de la Direcci\u00f3n Operacional de Inteligencia Exterior. Su funci\u00f3n&hellip;<\/p>\n","protected":false},"author":1,"featured_media":0,"comment_status":"open","ping_status":"open","sticky":false,"template":"","format":"standard","meta":{"footnotes":""},"categories":[13],"tags":[20772,24175,3862,9568,15984,15924,2213],"class_list":["post-61470","post","type-post","status-publish","format-standard","hentry","category-politica","tag-afi","tag-carlos-tonelli","tag-gabriela-michetti","tag-juan-tonelli","tag-papa-francisco","tag-universidad-catolica","tag-vaticano"],"_links":{"self":[{"href":"https:\/\/www.elsindical.com.ar\/notas\/wp-json\/wp\/v2\/posts\/61470","targetHints":{"allow":["GET"]}}],"collection":[{"href":"https:\/\/www.elsindical.com.ar\/notas\/wp-json\/wp\/v2\/posts"}],"about":[{"href":"https:\/\/www.elsindical.com.ar\/notas\/wp-json\/wp\/v2\/types\/post"}],"author":[{"embeddable":true,"href":"https:\/\/www.elsindical.com.ar\/notas\/wp-json\/wp\/v2\/users\/1"}],"replies":[{"embeddable":true,"href":"https:\/\/www.elsindical.com.ar\/notas\/wp-json\/wp\/v2\/comments?post=61470"}],"version-history":[{"count":1,"href":"https:\/\/www.elsindical.com.ar\/notas\/wp-json\/wp\/v2\/posts\/61470\/revisions"}],"predecessor-version":[{"id":61472,"href":"https:\/\/www.elsindical.com.ar\/notas\/wp-json\/wp\/v2\/posts\/61470\/revisions\/61472"}],"wp:attachment":[{"href":"https:\/\/www.elsindical.com.ar\/notas\/wp-json\/wp\/v2\/media?parent=61470"}],"wp:term":[{"taxonomy":"category","embeddable":true,"href":"https:\/\/www.elsindical.com.ar\/notas\/wp-json\/wp\/v2\/categories?post=61470"},{"taxonomy":"post_tag","embeddable":true,"href":"https:\/\/www.elsindical.com.ar\/notas\/wp-json\/wp\/v2\/tags?post=61470"}],"curies":[{"name":"wp","href":"https:\/\/api.w.org\/{rel}","templated":true}]}}