{"id":61445,"date":"2016-08-15T02:39:38","date_gmt":"2016-08-15T05:39:38","guid":{"rendered":"http:\/\/www.elsindical.com.ar\/notas\/?p=61445"},"modified":"2016-08-15T02:39:38","modified_gmt":"2016-08-15T05:39:38","slug":"la-fundacion-de-gabriela-michetti-no-tenia-ni-cuit","status":"publish","type":"post","link":"https:\/\/www.elsindical.com.ar\/notas\/la-fundacion-de-gabriela-michetti-no-tenia-ni-cuit\/","title":{"rendered":"La fundaci\u00f3n de Gabriela Michetti no ten\u00eda ni CUIT"},"content":{"rendered":"<p><em><a href=\"http:\/\/www.elsindical.com.ar\/notas\/var\/www\/html\/notas\/wp-content\/uploads\/2016\/08\/Gabriela-Michetti-gesto.jpg\"><img loading=\"lazy\" decoding=\"async\" class=\"alignnone size-medium wp-image-61446\" src=\"http:\/\/www.elsindical.com.ar\/notas\/var\/www\/html\/notas\/wp-content\/uploads\/2016\/08\/Gabriela-Michetti-gesto-300x221.jpg\" alt=\"Gabriela-Michetti-gesto\" width=\"300\" height=\"221\" srcset=\"https:\/\/www.elsindical.com.ar\/notas\/var\/www\/html\/notas\/wp-content\/uploads\/2016\/08\/Gabriela-Michetti-gesto-300x221.jpg 300w, https:\/\/www.elsindical.com.ar\/notas\/var\/www\/html\/notas\/wp-content\/uploads\/2016\/08\/Gabriela-Michetti-gesto-407x300.jpg 407w, https:\/\/www.elsindical.com.ar\/notas\/var\/www\/html\/notas\/wp-content\/uploads\/2016\/08\/Gabriela-Michetti-gesto.jpg 620w\" sizes=\"auto, (max-width: 300px) 100vw, 300px\" \/><\/a>\u00a0\u00a0 El portal Nuestras Voces public\u00f3 una investigaci\u00f3n de las periodistas Mariana Escalada y Agustina Ronconi que revela que la fundaci\u00f3n Suma (que ser\u00eda la beneficiaria de la donaci\u00f3n del dinero no declarado que le robaron a la vicepresidenta) no estaba inscripta y present\u00f3 ante la AFIP y a la la Inspecci\u00f3n General de Justicia luego de las denuncias. Sus aportantes son empresas beneficiadas con contratos billonarios por el gobierno de la Ciudad y, desde diciembre, tambi\u00e9n el nacional.<\/em><\/p>\n<p>\u00abLa vicepresidenta Gabriela Michetti fue imputada por el origen de los fondos que declar\u00f3 que le robaron en su casa: 245 mil pesos y 50 mil d\u00f3lares. Ella asegur\u00f3 que los 200 mil pesos proven\u00edan de su fundaci\u00f3n, Suma, que es totalmente trucha: s\u00f3lo este a\u00f1o, luego de las denuncias, se present\u00f3 ante la AFIP y la Inspecci\u00f3n General de Justicia por primera vez. Sus aportantes son empresas beneficiadas con contratos billonarios por el gobierno de la Ciudad y, desde diciembre, tambi\u00e9n el nacional\u00bb, sostienen las periodistas del portal Nuestras Voces.<\/p>\n<p>La empresa fue creada en 2009, con tres empleados, reci\u00e9n este a\u00f1o se present\u00f3 por primera vez ante la AFIP y la Inspecci\u00f3n de Justicia con su balance. El pasado viernes\u00a0Michetti fue imputada por el fiscal Guillermo Marijuan al abrir una investigaci\u00f3n\u00a0para determinar si incurri\u00f3 en alg\u00fan delito en torno al dinero (245 mil pesos y 50 mil d\u00f3lares) robado de su casa el 22 de noviembre de 2015. Seg\u00fan ella, 200 mil pesos proven\u00edan de la Fundaci\u00f3n Suma. Por el robo\u00a0fue procesado un custodio de Michetti, que\u00a0entonces era vicepresidenta electa y senadora nacional. La denuncia fue del\u00a0abogado Leonardo Mart\u00ednez Herrero, a la que se acumul\u00f3 otra de los diputados nacionales Juan Cabandi\u00e9 y Rodolfo Tailhade.<\/p>\n<p>Seg\u00fan Michetti, 50 mil d\u00f3lares se los hab\u00eda prestado su novio, Juan Tonelli, quien tambi\u00e9n tiene numerosos contratos con el gobierno de la ciudad. La Vicepresidenta estuvo esta semana en el programa de Leuco, donde insisti\u00f3 en que el pr\u00e9stamo era para pagarle una maestr\u00eda a su hijo, que a la fecha no est\u00e1 recibido.<\/p>\n<p>La \u201cFundaci\u00f3n Suma para el dise\u00f1o de pol\u00edticas p\u00fablicas con visi\u00f3n estrat\u00e9gica\u201d ya desde el nombre\u00a0aclara a sus aportantes\u00a0que se dedica a\u00a0influir sobre el Estado, antes que las tareas \u201csolidarias\u201d que le atribuye Michetti.\u00a0Formada el 15 de septiembre de 2009, la Fundaci\u00f3n se mantuvo ilegal o trucha hasta este a\u00f1o: no hab\u00eda presentado un s\u00f3lo balance en la Inspecci\u00f3n General de Justicia hasta la semana pasada. Ya investigada penalmente, decidi\u00f3 legalizar la situaci\u00f3n. Tampoco tuvo nunca empleados declarados, pese a que Michetti p\u00fablicamente admiti\u00f3 pagarle a la Directora y a dos personas que realizaban tareas full time\u00a0en una entrevista en Radio Vorterix\u00a0(\u00bftrabajadores en negro?).\u00a0Reci\u00e9n a fines de julio y luego de presentada la denuncia penal, la Fundaci\u00f3n se inscribi\u00f3 frente a la AFIP como empleadora.<\/p>\n<p>Esto significa que pr\u00e1cticamente ninguna actividad de la Fundaci\u00f3n fue fiscalizada por el Estado, ni siquiera las supuestas asambleas, que reci\u00e9n fueron presentadas todas juntas bajo el r\u00f3tulo \u201cfuera de t\u00e9rmino\u201d la semana pasada ante la IGJ.<\/p>\n<p>Por ley, las donaciones a una Fundaci\u00f3n deben estar bancarizadas, y para abrir una cuenta a su nombre, la fundaci\u00f3n debe contar con todos los papeles de inscripci\u00f3n reglamentarios, que nunca hab\u00edan sido terminados. La ley tambi\u00e9n indica que: \u201cTodas las fundaciones que reciban donaciones o aportes de terceros por importes superiores a $50.000 o el equivalente en especie, en un solo acto o en varios, que individualmente sean inferiores a dicha cifra pero que en conjunto la superen, realizados por una o varias personas relacionadas, en un per\u00edodo no superior a los 30 d\u00edas, deber\u00e1n presentar una declaraci\u00f3n jurada de informaci\u00f3n sobre el estado de cumplimiento de la normativa asociada a la prevenci\u00f3n de la comisi\u00f3n de delitos de lavado de activos y financiamiento del terrorismo. Estas fundaciones se consideran sujetos obligados a informar a la Unidad de Informaci\u00f3n Financiera (UIF), en los t\u00e9rminos de la Resoluci\u00f3n UIF N\u00b0 30\/11\u201d.<\/p>\n<p>El motivo por el que la Ley Anti Lavado exige esto es por la posibilidad de que una fundaci\u00f3n sea utilizada para mover dinero en negro. Por ejemplo, un contratista del estado podr\u00eda recibir un contrato millonario \u201cinflado\u201d y hacerle el \u201cretorno\u201d a los funcionarios que \u201cfacilitaron\u201d ese contrato a trav\u00e9s de una fundaci\u00f3n que ellos mismos manejen.<\/p>\n<p>Los 30 sponsors de Gabriela Michetti en la Fundaci\u00f3n Suma son contratistas millonarios del gobierno macrista.<\/p>\n<p><a href=\"http:\/\/www.elsindical.com.ar\/notas\/var\/www\/html\/notas\/wp-content\/uploads\/2016\/08\/IGJ-fundaci\u00f3n-Michetti.jpg\"><img loading=\"lazy\" decoding=\"async\" class=\"alignnone size-medium wp-image-61447\" src=\"http:\/\/www.elsindical.com.ar\/notas\/var\/www\/html\/notas\/wp-content\/uploads\/2016\/08\/IGJ-fundaci\u00f3n-Michetti-300x232.jpg\" alt=\"IGJ-fundaci\u00f3n-Michetti\" width=\"300\" height=\"232\" srcset=\"https:\/\/www.elsindical.com.ar\/notas\/var\/www\/html\/notas\/wp-content\/uploads\/2016\/08\/IGJ-fundaci\u00f3n-Michetti-300x232.jpg 300w, https:\/\/www.elsindical.com.ar\/notas\/var\/www\/html\/notas\/wp-content\/uploads\/2016\/08\/IGJ-fundaci\u00f3n-Michetti-388x300.jpg 388w, https:\/\/www.elsindical.com.ar\/notas\/var\/www\/html\/notas\/wp-content\/uploads\/2016\/08\/IGJ-fundaci\u00f3n-Michetti.jpg 738w\" sizes=\"auto, (max-width: 300px) 100vw, 300px\" \/><\/a> <a href=\"http:\/\/www.elsindical.com.ar\/notas\/var\/www\/html\/notas\/wp-content\/uploads\/2016\/08\/AFIP-fundaci\u00f3n-Michetti.jpg\"><img loading=\"lazy\" decoding=\"async\" class=\"alignnone size-medium wp-image-61448\" src=\"http:\/\/www.elsindical.com.ar\/notas\/var\/www\/html\/notas\/wp-content\/uploads\/2016\/08\/AFIP-fundaci\u00f3n-Michetti-300x108.jpg\" alt=\"AFIP-fundaci\u00f3n-Michetti\" width=\"300\" height=\"108\" srcset=\"https:\/\/www.elsindical.com.ar\/notas\/var\/www\/html\/notas\/wp-content\/uploads\/2016\/08\/AFIP-fundaci\u00f3n-Michetti-300x108.jpg 300w, https:\/\/www.elsindical.com.ar\/notas\/var\/www\/html\/notas\/wp-content\/uploads\/2016\/08\/AFIP-fundaci\u00f3n-Michetti-500x180.jpg 500w, https:\/\/www.elsindical.com.ar\/notas\/var\/www\/html\/notas\/wp-content\/uploads\/2016\/08\/AFIP-fundaci\u00f3n-Michetti.jpg 738w\" sizes=\"auto, (max-width: 300px) 100vw, 300px\" \/><\/a><\/p>\n<p>&nbsp;<\/p>\n<p><strong>Fuente:<span class=\"Apple-converted-space\">\u00a0<\/span><a href=\"http:\/\/www.nuestrasvoces.com.ar\/entendiendo-las-noticias\/michetti-truchisima\/\" target=\"_blank\">Portal Nuestras Voces<\/a><\/strong><\/p>\n","protected":false},"excerpt":{"rendered":"<p>\u00a0\u00a0 El portal Nuestras Voces public\u00f3 una investigaci\u00f3n de las periodistas Mariana Escalada y Agustina Ronconi que revela que la fundaci\u00f3n Suma (que ser\u00eda la beneficiaria de la donaci\u00f3n del dinero no declarado que le robaron a la vicepresidenta) no estaba inscripta y present\u00f3 ante la AFIP y a la la Inspecci\u00f3n General de Justicia&hellip;<\/p>\n","protected":false},"author":1,"featured_media":0,"comment_status":"open","ping_status":"open","sticky":false,"template":"","format":"standard","meta":{"footnotes":""},"categories":[13],"tags":[69,24164,3862,4860,24163],"class_list":["post-61445","post","type-post","status-publish","format-standard","hentry","category-politica","tag-afip","tag-agustina-ronconi","tag-gabriela-michetti","tag-igj","tag-mariana-escalada"],"_links":{"self":[{"href":"https:\/\/www.elsindical.com.ar\/notas\/wp-json\/wp\/v2\/posts\/61445","targetHints":{"allow":["GET"]}}],"collection":[{"href":"https:\/\/www.elsindical.com.ar\/notas\/wp-json\/wp\/v2\/posts"}],"about":[{"href":"https:\/\/www.elsindical.com.ar\/notas\/wp-json\/wp\/v2\/types\/post"}],"author":[{"embeddable":true,"href":"https:\/\/www.elsindical.com.ar\/notas\/wp-json\/wp\/v2\/users\/1"}],"replies":[{"embeddable":true,"href":"https:\/\/www.elsindical.com.ar\/notas\/wp-json\/wp\/v2\/comments?post=61445"}],"version-history":[{"count":1,"href":"https:\/\/www.elsindical.com.ar\/notas\/wp-json\/wp\/v2\/posts\/61445\/revisions"}],"predecessor-version":[{"id":61449,"href":"https:\/\/www.elsindical.com.ar\/notas\/wp-json\/wp\/v2\/posts\/61445\/revisions\/61449"}],"wp:attachment":[{"href":"https:\/\/www.elsindical.com.ar\/notas\/wp-json\/wp\/v2\/media?parent=61445"}],"wp:term":[{"taxonomy":"category","embeddable":true,"href":"https:\/\/www.elsindical.com.ar\/notas\/wp-json\/wp\/v2\/categories?post=61445"},{"taxonomy":"post_tag","embeddable":true,"href":"https:\/\/www.elsindical.com.ar\/notas\/wp-json\/wp\/v2\/tags?post=61445"}],"curies":[{"name":"wp","href":"https:\/\/api.w.org\/{rel}","templated":true}]}}