{"id":61431,"date":"2016-08-15T00:28:16","date_gmt":"2016-08-15T03:28:16","guid":{"rendered":"http:\/\/www.elsindical.com.ar\/notas\/?p=61431"},"modified":"2016-08-15T00:28:16","modified_gmt":"2016-08-15T03:28:16","slug":"judiciales-vaticinan-un-escenario-de-conflicto-si-no-hay-resoluciones","status":"publish","type":"post","link":"https:\/\/www.elsindical.com.ar\/notas\/judiciales-vaticinan-un-escenario-de-conflicto-si-no-hay-resoluciones\/","title":{"rendered":"Judiciales vaticinan un escenario de conflicto si no hay resoluciones"},"content":{"rendered":"<p class=\"bajada\"><em>\u00a0<a href=\"http:\/\/www.elsindical.com.ar\/notas\/var\/www\/html\/notas\/wp-content\/uploads\/2016\/03\/Pablo-Abramovich.jpg\"><img loading=\"lazy\" decoding=\"async\" class=\"alignnone size-medium wp-image-58316\" src=\"http:\/\/www.elsindical.com.ar\/notas\/var\/www\/html\/notas\/wp-content\/uploads\/2016\/03\/Pablo-Abramovich-300x176.jpg\" alt=\"Pablo-Abramovich\" width=\"300\" height=\"176\" srcset=\"https:\/\/www.elsindical.com.ar\/notas\/var\/www\/html\/notas\/wp-content\/uploads\/2016\/03\/Pablo-Abramovich-300x176.jpg 300w, https:\/\/www.elsindical.com.ar\/notas\/var\/www\/html\/notas\/wp-content\/uploads\/2016\/03\/Pablo-Abramovich-500x294.jpg 500w, https:\/\/www.elsindical.com.ar\/notas\/var\/www\/html\/notas\/wp-content\/uploads\/2016\/03\/Pablo-Abramovich.jpg 620w\" sizes=\"auto, (max-width: 300px) 100vw, 300px\" \/><\/a> El titular de la AJB, Pablo Abramovich, asegur\u00f3 que es posible \u201cque se repita la medida hist\u00f3rica donde m\u00e1s de 50 mil trabajadores se movilizaron\u201d por sus reclamos, en caso de que el gobierno de Mar\u00eda Eugenia Vidal no plantee \u201cpropuestas superadoras\u201d.<\/em><\/p>\n<p id=\"pcontnota\">El 19 de mayo, distintos gremios bonaerenses marcharon a la Legislatura para \u201cevitar que se trate la ley de Emergencia Administrativa\u201d, y luego marcharon hasta la Casa de Gobierno provincial para puntualizar en los reclamos de cada sector. El titular de la AJB, Pablo Abramovich, eno descart\u00f3 que la medida se repita en caso de que el jueves \u201cno haya resultados favorables\u201d a sus reclamos.<\/p>\n<p>\u201cEl jueves tenemos la pr\u00f3xima convocatoria y el Gobierno sigue sosteniendo que la inflaci\u00f3n anual va a ser del 33 \u00f3 34 por ciento, que no habr\u00e1 un aumento por sobre eso. Nuestra din\u00e1mica marca que el conflicto en masividad crece con el correr de las semanas\u201d, sostuvo el titular de la AJB.<\/p>\n<p>Sobre la medida de fuerza llevada a cabo la semana pasada, Abramovich destac\u00f3 que el nivel de acatamiento fue \u201cmuy bueno\u201d. \u201cFue un hecho pol\u00edtico muy importante, no solo por el paro nuestro, sino tambi\u00e9n por la cantidad de gremios del Estado provincial que pararon. Fue una demostraci\u00f3n muy importante de cara a lo que se viene\u201d, asever\u00f3.<\/p>\n<p>Con respecto a lo que se viene, anunci\u00f3 que \u201cel viernes habr\u00e1 asambleas en toda la provincia para resolver sobre el resultado de la reuni\u00f3n paritaria del jueves\u201d. \u201cEn caso de que no haya resultados favorables, no dudaremos en realizar nuevas medidas\u201d, concluy\u00f3.<\/p>\n","protected":false},"excerpt":{"rendered":"<p>\u00a0 El titular de la AJB, Pablo Abramovich, asegur\u00f3 que es posible \u201cque se repita la medida hist\u00f3rica donde m\u00e1s de 50 mil trabajadores se movilizaron\u201d por sus reclamos, en caso de que el gobierno de Mar\u00eda Eugenia Vidal no plantee \u201cpropuestas superadoras\u201d. El 19 de mayo, distintos gremios bonaerenses marcharon a la Legislatura para&hellip;<\/p>\n","protected":false},"author":1,"featured_media":0,"comment_status":"open","ping_status":"open","sticky":false,"template":"","format":"standard","meta":{"footnotes":""},"categories":[16],"tags":[4626,7265,22806],"class_list":["post-61431","post","type-post","status-publish","format-standard","hentry","category-gremiales","tag-ajb","tag-maria-eugenia-vidal","tag-pablo-abramovich"],"_links":{"self":[{"href":"https:\/\/www.elsindical.com.ar\/notas\/wp-json\/wp\/v2\/posts\/61431","targetHints":{"allow":["GET"]}}],"collection":[{"href":"https:\/\/www.elsindical.com.ar\/notas\/wp-json\/wp\/v2\/posts"}],"about":[{"href":"https:\/\/www.elsindical.com.ar\/notas\/wp-json\/wp\/v2\/types\/post"}],"author":[{"embeddable":true,"href":"https:\/\/www.elsindical.com.ar\/notas\/wp-json\/wp\/v2\/users\/1"}],"replies":[{"embeddable":true,"href":"https:\/\/www.elsindical.com.ar\/notas\/wp-json\/wp\/v2\/comments?post=61431"}],"version-history":[{"count":1,"href":"https:\/\/www.elsindical.com.ar\/notas\/wp-json\/wp\/v2\/posts\/61431\/revisions"}],"predecessor-version":[{"id":61432,"href":"https:\/\/www.elsindical.com.ar\/notas\/wp-json\/wp\/v2\/posts\/61431\/revisions\/61432"}],"wp:attachment":[{"href":"https:\/\/www.elsindical.com.ar\/notas\/wp-json\/wp\/v2\/media?parent=61431"}],"wp:term":[{"taxonomy":"category","embeddable":true,"href":"https:\/\/www.elsindical.com.ar\/notas\/wp-json\/wp\/v2\/categories?post=61431"},{"taxonomy":"post_tag","embeddable":true,"href":"https:\/\/www.elsindical.com.ar\/notas\/wp-json\/wp\/v2\/tags?post=61431"}],"curies":[{"name":"wp","href":"https:\/\/api.w.org\/{rel}","templated":true}]}}