{"id":61425,"date":"2016-08-15T00:09:10","date_gmt":"2016-08-15T03:09:10","guid":{"rendered":"http:\/\/www.elsindical.com.ar\/notas\/?p=61425"},"modified":"2016-08-15T00:09:10","modified_gmt":"2016-08-15T03:09:10","slug":"adrogue-asesinan-a-dos-hombres-en-un-presunto-ajuste-de-cuentas-vinculado-a-las-drogas","status":"publish","type":"post","link":"https:\/\/www.elsindical.com.ar\/notas\/adrogue-asesinan-a-dos-hombres-en-un-presunto-ajuste-de-cuentas-vinculado-a-las-drogas\/","title":{"rendered":"Adrogu\u00e9: Asesinan a dos hombres en un presunto ajuste de cuentas vinculado a las drogas"},"content":{"rendered":"<p><em><a href=\"http:\/\/www.elsindical.com.ar\/notas\/var\/www\/html\/notas\/wp-content\/uploads\/2016\/08\/calles-Polonia-y-Yatay-Adrogu\u00e9.jpg\"><img loading=\"lazy\" decoding=\"async\" class=\"alignnone size-medium wp-image-61426\" src=\"http:\/\/www.elsindical.com.ar\/notas\/var\/www\/html\/notas\/wp-content\/uploads\/2016\/08\/calles-Polonia-y-Yatay-Adrogu\u00e9-300x157.jpg\" alt=\"calles-Polonia-y-Yatay,-Adrogu\u00e9\" width=\"300\" height=\"157\" srcset=\"https:\/\/www.elsindical.com.ar\/notas\/var\/www\/html\/notas\/wp-content\/uploads\/2016\/08\/calles-Polonia-y-Yatay-Adrogu\u00e9-300x157.jpg 300w, https:\/\/www.elsindical.com.ar\/notas\/var\/www\/html\/notas\/wp-content\/uploads\/2016\/08\/calles-Polonia-y-Yatay-Adrogu\u00e9-500x262.jpg 500w, https:\/\/www.elsindical.com.ar\/notas\/var\/www\/html\/notas\/wp-content\/uploads\/2016\/08\/calles-Polonia-y-Yatay-Adrogu\u00e9.jpg 620w\" sizes=\"auto, (max-width: 300px) 100vw, 300px\" \/><\/a>No descartan que ambos cr\u00edmenes que sucedieron en Adrogu\u00e9 tengan vinculaci\u00f3n.<\/em><\/p>\n<p>Dos hombres de 34 y 19 a\u00f1os fueron salvajemente asesinados a balazos, en diferentes sucesos que se registraron con muy pocas horas de diferencia, en la localidad bonaerense de Adrogu\u00e9, en el partido de Almirante Brown. Las autoridades policiales creen que los brutales il\u00edcitos se encuentran relacionados a la venta de drogas y adem\u00e1s no descartan que haya vinculaci\u00f3n entre ambos cr\u00edmenes.<\/p>\n<p>Los voceros del departamento judicial de Lomas de Zamora revelaron que el primero de los hechos se produjo en las \u00faltimas horas de la tarde del s\u00e1bado pasado, en el cruce de Asamblea y Combatiente de Malvinas, a 2 cuadras del l\u00edmite con Llavallol y a 250 metros del denominado arroyo Del Rey, en el sur del conurbano provincial, cuando un delincuente llamado Eli\u00e1n y conocido en el humilde vecindario con el apodo de El Polaco, agredi\u00f3 a disparos a un individuo de nombre Maximiliano, de 34 a\u00f1os, quien result\u00f3 herido en una de las manos y en la regi\u00f3n intercostal izquierda.<\/p>\n<p>Trascendi\u00f3 que despu\u00e9s Maximiliano tuvo que ser trasladado de urgencia a un centro asistencial, pero el individuo dej\u00f3 de existir debido a estas heridas.<\/p>\n<p>Versiones obtenidas en el mencionado barrio sostienen que el occiso era un ex convicto, que aparentemente gozaba, en la actualidad, del beneficio de libertad condicional, tras haber estado apresado en una causa por comercializaci\u00f3n de estupefacientes.<\/p>\n<p>Por otra parte, algunas horas m\u00e1s tarde, pero en la esquina de Polonia y Yatay, en el Barrio Lindo del mismo distrito, varios sujetos atacaron, sin piedad, a balazos a <strong>Germ\u00e1n De Campo<\/strong>, de 19 a\u00f1os, quien padeci\u00f3 heridas de gravedad en el est\u00f3mago y por dicho motivo fue llevado hasta el Policl\u00ednico Sof\u00eda Terrero de Santamarina, en jurisdicci\u00f3n de Monte Grande, aunque finalmente pereci\u00f3 en el nosocomio.<\/p>\n<p>Integrantes del destacamento Islas Malvinas y tambi\u00e9n de la comisar\u00eda de Adrogu\u00e9 (1\u00aa de Almirante Brown) realizan diferentes procedimientos en la zona, con el objetivo de esclarecer los sucesos y en este sentido no descartan que haya relaci\u00f3n entre los tremendos asesinatos, que habr\u00edan sido consumado a ra\u00edz de la venta de sustancias ilegales en las calles del vecindario.<\/p>\n","protected":false},"excerpt":{"rendered":"<p>No descartan que ambos cr\u00edmenes que sucedieron en Adrogu\u00e9 tengan vinculaci\u00f3n. Dos hombres de 34 y 19 a\u00f1os fueron salvajemente asesinados a balazos, en diferentes sucesos que se registraron con muy pocas horas de diferencia, en la localidad bonaerense de Adrogu\u00e9, en el partido de Almirante Brown. Las autoridades policiales creen que los brutales il\u00edcitos&hellip;<\/p>\n","protected":false},"author":1,"featured_media":0,"comment_status":"open","ping_status":"open","sticky":false,"template":"","format":"standard","meta":{"footnotes":""},"categories":[22],"tags":[4241,2832,4209,382,744],"class_list":["post-61425","post","type-post","status-publish","format-standard","hentry","category-policiales","tag-adrogue","tag-ajuste-de-cuentas","tag-asesinatos","tag-drogas","tag-lomas-de-zamora"],"_links":{"self":[{"href":"https:\/\/www.elsindical.com.ar\/notas\/wp-json\/wp\/v2\/posts\/61425","targetHints":{"allow":["GET"]}}],"collection":[{"href":"https:\/\/www.elsindical.com.ar\/notas\/wp-json\/wp\/v2\/posts"}],"about":[{"href":"https:\/\/www.elsindical.com.ar\/notas\/wp-json\/wp\/v2\/types\/post"}],"author":[{"embeddable":true,"href":"https:\/\/www.elsindical.com.ar\/notas\/wp-json\/wp\/v2\/users\/1"}],"replies":[{"embeddable":true,"href":"https:\/\/www.elsindical.com.ar\/notas\/wp-json\/wp\/v2\/comments?post=61425"}],"version-history":[{"count":1,"href":"https:\/\/www.elsindical.com.ar\/notas\/wp-json\/wp\/v2\/posts\/61425\/revisions"}],"predecessor-version":[{"id":61427,"href":"https:\/\/www.elsindical.com.ar\/notas\/wp-json\/wp\/v2\/posts\/61425\/revisions\/61427"}],"wp:attachment":[{"href":"https:\/\/www.elsindical.com.ar\/notas\/wp-json\/wp\/v2\/media?parent=61425"}],"wp:term":[{"taxonomy":"category","embeddable":true,"href":"https:\/\/www.elsindical.com.ar\/notas\/wp-json\/wp\/v2\/categories?post=61425"},{"taxonomy":"post_tag","embeddable":true,"href":"https:\/\/www.elsindical.com.ar\/notas\/wp-json\/wp\/v2\/tags?post=61425"}],"curies":[{"name":"wp","href":"https:\/\/api.w.org\/{rel}","templated":true}]}}