{"id":61423,"date":"2016-08-14T23:58:36","date_gmt":"2016-08-15T02:58:36","guid":{"rendered":"http:\/\/www.elsindical.com.ar\/notas\/?p=61423"},"modified":"2016-08-14T23:58:36","modified_gmt":"2016-08-15T02:58:36","slug":"efemerides-del-dia-15-de-agosto-2","status":"publish","type":"post","link":"https:\/\/www.elsindical.com.ar\/notas\/efemerides-del-dia-15-de-agosto-2\/","title":{"rendered":"EFEM\u00c9RIDES: DEL D\u00cdA 15 DE AGOSTO"},"content":{"rendered":"<p>\u2013 D\u00eda de la Asunci\u00f3n de la Sant\u00edsima Virgen Mar\u00eda.<\/p>\n<p>1057 \u2013 muere Macbeth (Rey de Escocia).<\/p>\n<p>1488 \u2013 nace Hernando Col\u00f3n, humanista y cosm\u00f3grafo espa\u00f1ol, hijo del descubridor de Am\u00e9rica.<\/p>\n<p>1496 \u2013 el adelantado Bartolom\u00e9 Col\u00f3n, hermano del descubridor, da el nombre de Santo Domingo a la ciudad que ha fundado en la isla La Espa\u00f1ola.<\/p>\n<p>1519 \u2013 Pedrarias D\u00e1vila funda Panam\u00e1.<\/p>\n<p>1534 \u2013 Sebasti\u00e1n de Belalcazar, con Diego Almagro, funda la ciudad de Santiago de Quito.<\/p>\n<p>1537 \u2013 Juan de Salazar y Espinosa funda Asunci\u00f3n del Paraguay.<\/p>\n<p>1580 \u2013 muere Andrea Palladio, importante arquitecto renacentista italiano.<\/p>\n<p>1620 \u2013 el Mayflower zarpa de Southampton con 102 peregrinos.<\/p>\n<p>1688 \u2013 nace Federico Guillermo I, rey de Prusia (durante su reinado convirti\u00f3 su reino en uno de los principales estados europeos).<\/p>\n<p>1769 \u2013 nace Napole\u00f3n Bonaparte.<\/p>\n<p>1771 \u2013 nace Sir Walter Scott, novelista escoc\u00e9s.<\/p>\n<p>1803 \u2013 nace Sir James Douglas, padre de la Columbia t\u00e1nica.<\/p>\n<p>1812 \u2013 se proclama en la Plaza Mayor de Madrid la Constituci\u00f3n promulgada por las Cortes de C\u00e1diz.<\/p>\n<p>1815 \u2013 nace el Dr. Jos\u00e9 Roque P\u00e9rez, miembro redactor del C\u00f3digo Penal.<\/p>\n<p>1842 \u2013 la escuadra de la Confederaci\u00f3n Argentina al mando de Brown derrota a la flotilla oriental en Costa Brava.<\/p>\n<p>1870 \u2013 se completa el ferrocarril transcontinental de los EE.UU.<\/p>\n<p>1879 \u2013 nace Ethel Barrymore, actriz estadounidense.<\/p>\n<p>1884 \u2013 la Academia de Medicina de Par\u00eds aprueba el m\u00e9todo Pasteur de curaci\u00f3n de la rabia.<\/p>\n<p>1904 \u2013 se funda la Asociaci\u00f3n Atl\u00e9tica Argentinos Juniors.<\/p>\n<p>1905 \u2013 Argentina y Uruguay inauguran, con un empate a cero en Buenos Aires, los partidos internacionales de f\u00fatbol en Sudam\u00e9rica.<\/p>\n<p>1912 \u2013 nace Julia Child, chef estadounidense.<\/p>\n<p>1914 \u2013 se abre oficialmente el Canal de Panam\u00e1 al tr\u00e1fico mar\u00edtimo.<\/p>\n<p>1921 \u2013 muere Alfonso de Guimaraens, poeta brasile\u00f1o.<\/p>\n<p>1922 \u2013 Irineo Leguizamo debuta en Palermo montando a Mina de Plata.<\/p>\n<p>1925 \u2013 nace Oscar Peterson, pianista de jazz.<\/p>\n<p>1929 \u2013 el GrafZeppelin zarpa de Friedrichshafen para dar la vuelta al mundo.<\/p>\n<p>1932 \u2013 empieza a funcionar la emisora de televisi\u00f3n CBS, que difunde la primera serie del mundo \u201cRevista Mundial\u201d.<\/p>\n<p>1936 \u2013 muere Grazia Deledda, escritora italiana.<\/p>\n<p>1939 \u2013 se estrena \u201cEl mago de Oz\u201d.<\/p>\n<p>1945 \u2013 Corea del Sur se libera de Jap\u00f3n.<\/p>\n<p>1947 \u2013 se efectiviza la independencia de la India y de Paquist\u00e1n.<\/p>\n<p>1948 \u2013 se proclama la Rep\u00fablica de Corea.<\/p>\n<p>1950 \u2013 Indonesia se convierte en Estado unitario.<\/p>\n<p>1960 \u2013 el Congo (Brazzaville) proclama su independencia de Francia.<\/p>\n<p>1960 \u2013 Chipre proclama su independencia del dominio brit\u00e1nico.<\/p>\n<p>1967 \u2013 muere Rene Magritte, pintor belga, representante del movimiento surrealista.<\/p>\n<p>1991 \u2013 el Comit\u00e9 de Descolonizaci\u00f3n de la ONU reafirma el derecho de Puerto Rico a la libre determinaci\u00f3n de independencia.<\/p>\n<p>1993 \u2013 el civil Juan Carlos Wasmosy asume la Presidencia de Paraguay tras 39 a\u00f1os de reg\u00edmenes militares.<\/p>\n<p>1994 \u2013 la chilena Gladys Mar\u00edn es elegida presidenta del Partido Comunista de su pa\u00eds, primera mujer que lo dirige.<\/p>\n<p>1997 \u2013 segunda mayor ca\u00edda en la historia de la Bolsa de Nueva York, que pierde 247 puntos. La Bolsa de Londres baja 125 puntos.<\/p>\n<p>1998 \u2013 un total de 29 muertos y 200 heridos por el estallido de un coche-bomba en Omagh (Irlanda del Norte).<\/p>\n<p>2003 \u2013 en Paraguay, Nicanor Duarte Frutos asume como presidente.<\/p>\n<p>2004 \u2013 en Venezuela, Hugo Ch\u00e1vez es reafirmado como presidente, en el primer refer\u00e9ndum presidencial que se realiza en el mundo, con un resultado final de 58 % de aprobaci\u00f3n a su gesti\u00f3.<\/p>\n<p>2008 \u2013 en Paraguay, el exobispo Fernando Lugo asume la presidencia, dejando atr\u00e1s m\u00e1s de 60 a\u00f1os de gobierno del Partido Colorado \u2015que incluy\u00f3 la dictadura (entre 1954 y 1989) del general colorado Alfredo Stroessner\u2015.<\/p>\n<p>2013 \u2013 en Paraguay asume la presidencia Horacio Cartes, candidato presidencial del Partido Colorado, el cual vuelve a gobernar. Cartes es el sucesor en el cargo de Federico Franco, cuyo sucesor fue Fernando Lugo.<\/p>\n","protected":false},"excerpt":{"rendered":"<p>\u2013 D\u00eda de la Asunci\u00f3n de la Sant\u00edsima Virgen Mar\u00eda. 1057 \u2013 muere Macbeth (Rey de Escocia). 1488 \u2013 nace Hernando Col\u00f3n, humanista y cosm\u00f3grafo espa\u00f1ol, hijo del descubridor de Am\u00e9rica. 1496 \u2013 el adelantado Bartolom\u00e9 Col\u00f3n, hermano del descubridor, da el nombre de Santo Domingo a la ciudad que ha fundado en la isla&hellip;<\/p>\n","protected":false},"author":1,"featured_media":0,"comment_status":"open","ping_status":"open","sticky":false,"template":"","format":"standard","meta":{"footnotes":""},"categories":[14],"tags":[],"class_list":["post-61423","post","type-post","status-publish","format-standard","hentry","category-efemerides"],"_links":{"self":[{"href":"https:\/\/www.elsindical.com.ar\/notas\/wp-json\/wp\/v2\/posts\/61423","targetHints":{"allow":["GET"]}}],"collection":[{"href":"https:\/\/www.elsindical.com.ar\/notas\/wp-json\/wp\/v2\/posts"}],"about":[{"href":"https:\/\/www.elsindical.com.ar\/notas\/wp-json\/wp\/v2\/types\/post"}],"author":[{"embeddable":true,"href":"https:\/\/www.elsindical.com.ar\/notas\/wp-json\/wp\/v2\/users\/1"}],"replies":[{"embeddable":true,"href":"https:\/\/www.elsindical.com.ar\/notas\/wp-json\/wp\/v2\/comments?post=61423"}],"version-history":[{"count":1,"href":"https:\/\/www.elsindical.com.ar\/notas\/wp-json\/wp\/v2\/posts\/61423\/revisions"}],"predecessor-version":[{"id":61424,"href":"https:\/\/www.elsindical.com.ar\/notas\/wp-json\/wp\/v2\/posts\/61423\/revisions\/61424"}],"wp:attachment":[{"href":"https:\/\/www.elsindical.com.ar\/notas\/wp-json\/wp\/v2\/media?parent=61423"}],"wp:term":[{"taxonomy":"category","embeddable":true,"href":"https:\/\/www.elsindical.com.ar\/notas\/wp-json\/wp\/v2\/categories?post=61423"},{"taxonomy":"post_tag","embeddable":true,"href":"https:\/\/www.elsindical.com.ar\/notas\/wp-json\/wp\/v2\/tags?post=61423"}],"curies":[{"name":"wp","href":"https:\/\/api.w.org\/{rel}","templated":true}]}}