{"id":6140,"date":"2010-05-05T00:06:01","date_gmt":"2010-05-05T03:06:01","guid":{"rendered":"http:\/\/www.elsindical.com.ar\/notas\/?p=6140"},"modified":"2010-05-05T00:08:03","modified_gmt":"2010-05-05T03:08:03","slug":"efemerides-del-dia-5-de-mayo","status":"publish","type":"post","link":"https:\/\/www.elsindical.com.ar\/notas\/efemerides-del-dia-5-de-mayo\/","title":{"rendered":"EFEM\u00c9RIDES: DEL D\u00cdA 5 DE MAYO"},"content":{"rendered":"<p style=\"text-align: justify;\"><em><a href=\"http:\/\/www.elsindical.com.ar\/notas\/var\/www\/html\/notas\/wp-content\/uploads\/2010\/05\/Jamaica.jpg\"><img loading=\"lazy\" decoding=\"async\" class=\"alignleft size-full wp-image-6141\" title=\"Jamaica\" src=\"http:\/\/www.elsindical.com.ar\/notas\/var\/www\/html\/notas\/wp-content\/uploads\/2010\/05\/Jamaica.jpg\" alt=\"\" width=\"295\" height=\"146\" \/><\/a>En un 5 de mayo pero de 1859 firma de un tratado de l\u00edmites y navegaci\u00f3n fluvial entre Brasil y Venezuela.<\/em><\/p>\n<p>1494- Col\u00f3n descubre la actual Jamaica, isla que llam\u00f3 Santiago, durante su segundo viaje a Am\u00e9rica.<\/p>\n<p style=\"text-align: justify;\">1813- Nace Soren Kierkegaard, fil\u00f3sofo dan\u00e9s.<\/p>\n<p style=\"text-align: justify;\">1818- Nace Karl Marx, soci\u00f3logo y economista alem\u00e1n.<\/p>\n<p style=\"text-align: justify;\">1821- Muere Napole\u00f3n Bonaparte, emperador de Francia.<\/p>\n<p style=\"text-align: justify;\">1862- Batalla de Puebla, en la que las tropas francesas de intervenci\u00f3n en M\u00e9xico son derrotadas por el Ej\u00e9rcito mexicano.<\/p>\n<p style=\"text-align: justify;\">1877- Porfirio D\u00edaz es proclamado presidente de M\u00e9xico, con lo que comienza una dictadura que dur\u00f3 35 a\u00f1os.<\/p>\n<p style=\"text-align: justify;\">1889- Comienzan las obras para la apertura de la Avenida de Mayo, de Buenos Aires.<\/p>\n<p style=\"text-align: justify;\">1890- Promulgada en Espa\u00f1a la ley de sufragio universal.<\/p>\n<p style=\"text-align: justify;\">1904- El Congreso venezolano confiere al general Castro poderes de dictador por un a\u00f1o.<\/p>\n<p style=\"text-align: justify;\">1908- Inauguraci\u00f3n del teatro Col\u00f3n de Buenos Aires.<\/p>\n<p style=\"text-align: justify;\">1924- Nace Leopoldo Torre Nilsson, cineasta argentino.<\/p>\n<p style=\"text-align: justify;\">1925- Promulgada en Jap\u00f3n la ley del sufragio universal.<\/p>\n<p style=\"text-align: justify;\">1936- Tropas italianas mandadas por Badoglio entran en Adis Abeba y Mussolini declara a Etiop\u00eda italiana.<\/p>\n<p style=\"text-align: justify;\">1941- El emperador Haile Selassie regresa triunfante a Adis Abeba, capital de Etiop\u00eda.<\/p>\n<p style=\"text-align: justify;\">1943- Nace Raphael, cantante espa\u00f1ol.<\/p>\n<p style=\"text-align: justify;\">1948- David Ben Guri\u00f3n preside la primera reuni\u00f3n del Gobierno israel\u00ed.<\/p>\n<p style=\"text-align: justify;\">1949- Firma del Tratado de Londres, origen del Consejo de Europa. Los primeros firmantes son Holanda, B\u00e9lgica, Luxemburgo, Dinamarca, Francia, Reino Unido, Irlanda, Italia, Noruega y Suecia.<\/p>\n<p style=\"text-align: justify;\">1953- Una rebeli\u00f3n militar en Paraguay destituye al presidente, Federico Chaves.<\/p>\n<p style=\"text-align: justify;\">1955- La Rep\u00fablica Federal de Alemania recupera la plena soberan\u00eda.<\/p>\n<p style=\"text-align: justify;\">1961- Primer vuelo orbital de un astronauta, el estadounidense Alan Shepard, en la c\u00e1psula \u00abFreedom-7\u00bb.<\/p>\n<p style=\"text-align: justify;\">1971- La OEA concede al violonchelista espa\u00f1ol Pau Casals el t\u00edtulo de \u00abCiudadano de honor de las Am\u00e9ricas\u00bb.<\/p>\n<p style=\"text-align: justify;\">1999- Mireya Moscoso es proclamada presidenta electa de Panam\u00e1 tras su victoria electoral.<\/p>\n<p style=\"text-align: justify;\">2002- Jacques Chirac, reelegido presidente de Francia.<\/p>\n<p style=\"text-align: justify;\">2002- Muere Hugo Banzer, ex presidente de Bolivia.<\/p>\n<p style=\"text-align: justify;\">2003- Las FARC fusilan al gobernador de Antioqu\u00eda, Guillermo Gaviria, al ex ministro de Defensa y a ocho militares, despu\u00e9s de una operaci\u00f3n del Ej\u00e9rcito colombiano por liberarlos tras m\u00e1s de un a\u00f1o de secuestro.<\/p>\n<p style=\"text-align: justify;\">2004- La obra de Picasso \u00abGarcon \u00e1 la pipe\u00bb se convierte en el cuadro m\u00e1s caro de la historia del arte, al ser adjudicada por 104,168 millones de d\u00f3lares, en una subasta en Sotheby&#8217;s.<\/p>\n<p style=\"text-align: justify;\">2005- La Academia de las Artes y las Ciencias Cinematogr\u00e1ficas concede la Medalla de Oro al director Basilio Mart\u00edn Patino.<\/p>\n<p style=\"text-align: justify;\">2005- El Partido Laborista del primer ministro brit\u00e1nico, Tony Blair, revalida su tercer triunfo en las elecciones generales.<\/p>\n","protected":false},"excerpt":{"rendered":"<p>En un 5 de mayo pero de 1859 firma de un tratado de l\u00edmites y navegaci\u00f3n fluvial entre Brasil y Venezuela. 1494- Col\u00f3n descubre la actual Jamaica, isla que llam\u00f3 Santiago, durante su segundo viaje a Am\u00e9rica. 1813- Nace Soren Kierkegaard, fil\u00f3sofo dan\u00e9s. 1818- Nace Karl Marx, soci\u00f3logo y economista alem\u00e1n. 1821- Muere Napole\u00f3n Bonaparte,&hellip;<\/p>\n","protected":false},"author":1,"featured_media":0,"comment_status":"open","ping_status":"open","sticky":false,"template":"","format":"standard","meta":{"footnotes":""},"categories":[14],"tags":[],"class_list":["post-6140","post","type-post","status-publish","format-standard","hentry","category-efemerides"],"_links":{"self":[{"href":"https:\/\/www.elsindical.com.ar\/notas\/wp-json\/wp\/v2\/posts\/6140","targetHints":{"allow":["GET"]}}],"collection":[{"href":"https:\/\/www.elsindical.com.ar\/notas\/wp-json\/wp\/v2\/posts"}],"about":[{"href":"https:\/\/www.elsindical.com.ar\/notas\/wp-json\/wp\/v2\/types\/post"}],"author":[{"embeddable":true,"href":"https:\/\/www.elsindical.com.ar\/notas\/wp-json\/wp\/v2\/users\/1"}],"replies":[{"embeddable":true,"href":"https:\/\/www.elsindical.com.ar\/notas\/wp-json\/wp\/v2\/comments?post=6140"}],"version-history":[{"count":3,"href":"https:\/\/www.elsindical.com.ar\/notas\/wp-json\/wp\/v2\/posts\/6140\/revisions"}],"predecessor-version":[{"id":6143,"href":"https:\/\/www.elsindical.com.ar\/notas\/wp-json\/wp\/v2\/posts\/6140\/revisions\/6143"}],"wp:attachment":[{"href":"https:\/\/www.elsindical.com.ar\/notas\/wp-json\/wp\/v2\/media?parent=6140"}],"wp:term":[{"taxonomy":"category","embeddable":true,"href":"https:\/\/www.elsindical.com.ar\/notas\/wp-json\/wp\/v2\/categories?post=6140"},{"taxonomy":"post_tag","embeddable":true,"href":"https:\/\/www.elsindical.com.ar\/notas\/wp-json\/wp\/v2\/tags?post=6140"}],"curies":[{"name":"wp","href":"https:\/\/api.w.org\/{rel}","templated":true}]}}