{"id":61287,"date":"2016-08-08T00:24:26","date_gmt":"2016-08-08T03:24:26","guid":{"rendered":"http:\/\/www.elsindical.com.ar\/notas\/?p=61287"},"modified":"2016-08-08T00:24:26","modified_gmt":"2016-08-08T03:24:26","slug":"diarios-del-interior-a-punto-de-desaparecer","status":"publish","type":"post","link":"https:\/\/www.elsindical.com.ar\/notas\/diarios-del-interior-a-punto-de-desaparecer\/","title":{"rendered":"Diarios del interior, a punto de desaparecer"},"content":{"rendered":"<p><em><a href=\"http:\/\/www.elsindical.com.ar\/notas\/var\/www\/html\/notas\/wp-content\/uploads\/2016\/08\/diarios-del-interior.jpg\"><img loading=\"lazy\" decoding=\"async\" class=\"alignnone size-medium wp-image-61288\" src=\"http:\/\/www.elsindical.com.ar\/notas\/var\/www\/html\/notas\/wp-content\/uploads\/2016\/08\/diarios-del-interior-300x171.jpg\" alt=\"diarios-del-interior\" width=\"300\" height=\"171\" srcset=\"https:\/\/www.elsindical.com.ar\/notas\/var\/www\/html\/notas\/wp-content\/uploads\/2016\/08\/diarios-del-interior-300x171.jpg 300w, https:\/\/www.elsindical.com.ar\/notas\/var\/www\/html\/notas\/wp-content\/uploads\/2016\/08\/diarios-del-interior-500x284.jpg 500w, https:\/\/www.elsindical.com.ar\/notas\/var\/www\/html\/notas\/wp-content\/uploads\/2016\/08\/diarios-del-interior.jpg 531w\" sizes=\"auto, (max-width: 300px) 100vw, 300px\" \/><\/a>\u00a0\u00a0 Es por el reparto de la pauta oficial, que se concentr\u00f3 en poderosos medios nacionales afines al gobierno, y no se reparti\u00f3 equitativamente. Varios puestos de trabajo penden de un hilo.\u00a0<\/em><\/p>\n<p>La pol\u00edtica de medios implementada por el gobierno del presidente <strong>Mauricio Macri<\/strong>, bajo el pretexto de <em>\u00abreducir gastos\u00bb<\/em>, redireccion\u00f3 la pauta publicitaria oficial a los diarios <em>Clar\u00edn <\/em>y <em>La Naci\u00f3n <\/em>y las emisoras televisivas<em> Canal 13<\/em> y <em>Telef\u00e9<\/em>, entre otros grandes medios de alcance nacional. Esto afect\u00f3 seriamente a muchos medios de comunicaci\u00f3n del interior del pa\u00eds. A ellos pertenec\u00edan la mayor\u00eda de los m\u00e1s de 2.000 trabajadores de prensa que en los \u00faltimos meses se quedaron sin empleo en la Argentina.<br \/>\n<em>\u00abVan a cerrar la mitad de los diarios\u00bb<\/em>, le advirti\u00f3 recientemente un empresario period\u00edstico a <strong>Jorge Grecco,<\/strong> secretario de Comunicaci\u00f3n P\u00fablica y encargado de la distribuci\u00f3n de la pauta oficial, luego de que el funcionario justificara la estrategia de <em>Cambiemos <\/em>de repartir el dinero de la publicidad entre medios centrales y de<em> \u00abfuego amigo\u00bb.<\/em><\/p>\n<p>Es que la actitud del gobierno se suma a un panorama complicado de la econom\u00eda, con pautas privadas en ca\u00edda y ventas de ejemplares en retroceso, y a dif\u00edciles situaciones de gobiernos provinciales y municipales, que tambi\u00e9n achicaron fuertemente sus pautas oficiales.<\/p>\n<p>El gobierno se escuda en que ten\u00eda que cambiar lo que calific\u00f3 como <em>\u00abla pauta K\u00bb<\/em>. independientemente de lo hecho por el kirchnerismo en el reparto de la publicidad oficial, lo cierto es que no se puede plantear la correcci\u00f3n de algo que est\u00e1 mal con otra medida es a\u00fan m\u00e1s grave. El acceso a la publicidad oficial por parte de los medios de comunicaci\u00f3n debe ser equitativo y democr\u00e1tico. Se trata de un derecho y un eslab\u00f3n de la cadena que conforma el derecho a la informaci\u00f3n p\u00fablica de todos los ciudadanos. El corte de la pauta a los medios del interior es entonces un grave ataque a la libertad de expresi\u00f3n.<\/p>\n<p><u><strong>Primeros coletazos<\/strong><\/u><\/p>\n<p>Un caso paradigm\u00e1tico ha sido el del diario <em>La Ma\u00f1ana<\/em> de C\u00f3rdoba, que debi\u00f3 cerrar sus puertas luego de casi 20 a\u00f1os de presencia en la provincia mediterr\u00e1nea. El motivo fue una situaci\u00f3n financiera agobiante que se agrav\u00f3 letalmente por el corte de la publicidad oficial. Hab\u00eda sido fundado en 1997 por el periodista <strong>Julio Ramos<\/strong>, creador tambi\u00e9n de<em> \u00c1mbito Financiero.<\/em><\/p>\n<p>En la columna editorial que publica en su edici\u00f3n impresa de hoy el <em>Diario Jornada<\/em>, de Chubut, se se\u00f1ala que ese diarios y otros siete que se editan en esa provincia llevan meses arrastrando problemas para abonar los sueldos y aguinaldos. En Comodoro Rivadavia, la situaci\u00f3n del <em>Canal 9<\/em> es casi dram\u00e1tica, con empleados que fueron despedidos y vueltos a tomar, pero sin la menor certeza respecto de su destino inmediato.<\/p>\n<p>Otro medio importante como el diario<em> La Nueva<\/em>, de Bah\u00eda Blanca -hist\u00f3ricamente conocido como <em>La Nueva Provincia<\/em>&#8211; decidi\u00f3 imprimir sus ediciones menos d\u00edas a la semana para reducir costos y adecuarse a la tendencia de consumo que va migrando hacia los portales de Internet.<\/p>\n","protected":false},"excerpt":{"rendered":"<p>\u00a0\u00a0 Es por el reparto de la pauta oficial, que se concentr\u00f3 en poderosos medios nacionales afines al gobierno, y no se reparti\u00f3 equitativamente. Varios puestos de trabajo penden de un hilo.\u00a0 La pol\u00edtica de medios implementada por el gobierno del presidente Mauricio Macri, bajo el pretexto de \u00abreducir gastos\u00bb, redireccion\u00f3 la pauta publicitaria oficial&hellip;<\/p>\n","protected":false},"author":1,"featured_media":0,"comment_status":"open","ping_status":"open","sticky":false,"template":"","format":"standard","meta":{"footnotes":""},"categories":[6],"tags":[761,563,24119],"class_list":["post-61287","post","type-post","status-publish","format-standard","hentry","category-denuncias","tag-gobierno-nacional","tag-medios","tag-pauta-oficial"],"_links":{"self":[{"href":"https:\/\/www.elsindical.com.ar\/notas\/wp-json\/wp\/v2\/posts\/61287","targetHints":{"allow":["GET"]}}],"collection":[{"href":"https:\/\/www.elsindical.com.ar\/notas\/wp-json\/wp\/v2\/posts"}],"about":[{"href":"https:\/\/www.elsindical.com.ar\/notas\/wp-json\/wp\/v2\/types\/post"}],"author":[{"embeddable":true,"href":"https:\/\/www.elsindical.com.ar\/notas\/wp-json\/wp\/v2\/users\/1"}],"replies":[{"embeddable":true,"href":"https:\/\/www.elsindical.com.ar\/notas\/wp-json\/wp\/v2\/comments?post=61287"}],"version-history":[{"count":1,"href":"https:\/\/www.elsindical.com.ar\/notas\/wp-json\/wp\/v2\/posts\/61287\/revisions"}],"predecessor-version":[{"id":61289,"href":"https:\/\/www.elsindical.com.ar\/notas\/wp-json\/wp\/v2\/posts\/61287\/revisions\/61289"}],"wp:attachment":[{"href":"https:\/\/www.elsindical.com.ar\/notas\/wp-json\/wp\/v2\/media?parent=61287"}],"wp:term":[{"taxonomy":"category","embeddable":true,"href":"https:\/\/www.elsindical.com.ar\/notas\/wp-json\/wp\/v2\/categories?post=61287"},{"taxonomy":"post_tag","embeddable":true,"href":"https:\/\/www.elsindical.com.ar\/notas\/wp-json\/wp\/v2\/tags?post=61287"}],"curies":[{"name":"wp","href":"https:\/\/api.w.org\/{rel}","templated":true}]}}