{"id":61247,"date":"2016-08-05T21:04:37","date_gmt":"2016-08-06T00:04:37","guid":{"rendered":"http:\/\/www.elsindical.com.ar\/notas\/?p=61247"},"modified":"2016-08-05T21:04:37","modified_gmt":"2016-08-06T00:04:37","slug":"municipales-se-movilizaran-para-exigir-plena-aplicacion-de-la-ley-de-paritarias","status":"publish","type":"post","link":"https:\/\/www.elsindical.com.ar\/notas\/municipales-se-movilizaran-para-exigir-plena-aplicacion-de-la-ley-de-paritarias\/","title":{"rendered":"Municipales se movilizar\u00e1n para exigir plena aplicaci\u00f3n de la ley de paritarias"},"content":{"rendered":"<p class=\"bajada\"><em>\u00a0<a href=\"http:\/\/www.elsindical.com.ar\/notas\/var\/www\/html\/notas\/wp-content\/uploads\/2010\/08\/FESIMUBO-marcha.jpg\"><img loading=\"lazy\" decoding=\"async\" class=\"alignnone size-medium wp-image-8273\" src=\"http:\/\/www.elsindical.com.ar\/notas\/var\/www\/html\/notas\/wp-content\/uploads\/2010\/08\/FESIMUBO-marcha-300x194.jpg\" alt=\"FESIMUBO-marcha\" width=\"300\" height=\"194\" srcset=\"https:\/\/www.elsindical.com.ar\/notas\/var\/www\/html\/notas\/wp-content\/uploads\/2010\/08\/FESIMUBO-marcha-300x194.jpg 300w, https:\/\/www.elsindical.com.ar\/notas\/var\/www\/html\/notas\/wp-content\/uploads\/2010\/08\/FESIMUBO-marcha.jpg 312w\" sizes=\"auto, (max-width: 300px) 100vw, 300px\" \/><\/a> Es convocada por la FESIMUBO que conduce Rub\u00e9n Garc\u00eda y se realizar\u00e1 el 18 de agosto a la Casa de la Provincia en Capital Federal. El \u201cplan de lucha\u201d incluye adem\u00e1s una presentaci\u00f3n ante la Suprema Corte de Justicia.<\/em><\/p>\n<p id=\"pcontnota\">Garc\u00eda confirm\u00f3 que el 18 de agosto realizar\u00e1n una movilizaci\u00f3n a la casa de la Provincia de Buenos Aires en rechazo al decreto de la gobernadora Mar\u00eda Eugenia Vidal que reglamenta la Ley de Paritarias Municipales con cambios y establece una nueva pr\u00f3rroga para la plena aplicaci\u00f3n de la normativa.<\/p>\n<p>El \u201cplan de lucha\u201d es contra la reglamentaci\u00f3n de la Ley 14656 que, seg\u00fan Garc\u00eda, \u201cviola el esp\u00edritu de la normativa original\u201d. Las medidas fueron determinadas en el marco de un congreso gremial en Avellaneda.<\/p>\n<p>Desde FESIMUBO tambi\u00e9n se acord\u00f3 presentar una declaraci\u00f3n de inconstitucionalidad en la Corte Suprema provincial y una nota al Ministerio de Trabajo de la provincia de Buenos Aires.<\/p>\n","protected":false},"excerpt":{"rendered":"<p>\u00a0 Es convocada por la FESIMUBO que conduce Rub\u00e9n Garc\u00eda y se realizar\u00e1 el 18 de agosto a la Casa de la Provincia en Capital Federal. El \u201cplan de lucha\u201d incluye adem\u00e1s una presentaci\u00f3n ante la Suprema Corte de Justicia. Garc\u00eda confirm\u00f3 que el 18 de agosto realizar\u00e1n una movilizaci\u00f3n a la casa de la&hellip;<\/p>\n","protected":false},"author":1,"featured_media":0,"comment_status":"open","ping_status":"open","sticky":false,"template":"","format":"standard","meta":{"footnotes":""},"categories":[16],"tags":[2111,24107,7265,1196],"class_list":["post-61247","post","type-post","status-publish","format-standard","hentry","category-gremiales","tag-fesimubo","tag-ley-paritarias-municipales","tag-maria-eugenia-vidal","tag-movilizacion"],"_links":{"self":[{"href":"https:\/\/www.elsindical.com.ar\/notas\/wp-json\/wp\/v2\/posts\/61247","targetHints":{"allow":["GET"]}}],"collection":[{"href":"https:\/\/www.elsindical.com.ar\/notas\/wp-json\/wp\/v2\/posts"}],"about":[{"href":"https:\/\/www.elsindical.com.ar\/notas\/wp-json\/wp\/v2\/types\/post"}],"author":[{"embeddable":true,"href":"https:\/\/www.elsindical.com.ar\/notas\/wp-json\/wp\/v2\/users\/1"}],"replies":[{"embeddable":true,"href":"https:\/\/www.elsindical.com.ar\/notas\/wp-json\/wp\/v2\/comments?post=61247"}],"version-history":[{"count":1,"href":"https:\/\/www.elsindical.com.ar\/notas\/wp-json\/wp\/v2\/posts\/61247\/revisions"}],"predecessor-version":[{"id":61248,"href":"https:\/\/www.elsindical.com.ar\/notas\/wp-json\/wp\/v2\/posts\/61247\/revisions\/61248"}],"wp:attachment":[{"href":"https:\/\/www.elsindical.com.ar\/notas\/wp-json\/wp\/v2\/media?parent=61247"}],"wp:term":[{"taxonomy":"category","embeddable":true,"href":"https:\/\/www.elsindical.com.ar\/notas\/wp-json\/wp\/v2\/categories?post=61247"},{"taxonomy":"post_tag","embeddable":true,"href":"https:\/\/www.elsindical.com.ar\/notas\/wp-json\/wp\/v2\/tags?post=61247"}],"curies":[{"name":"wp","href":"https:\/\/api.w.org\/{rel}","templated":true}]}}