{"id":61241,"date":"2016-08-05T20:43:34","date_gmt":"2016-08-05T23:43:34","guid":{"rendered":"http:\/\/www.elsindical.com.ar\/notas\/?p=61241"},"modified":"2016-08-05T20:43:34","modified_gmt":"2016-08-05T23:43:34","slug":"se-suicido-el-jefe-de-seguridad-de-comodoro-py","status":"publish","type":"post","link":"https:\/\/www.elsindical.com.ar\/notas\/se-suicido-el-jefe-de-seguridad-de-comodoro-py\/","title":{"rendered":"Se suicid\u00f3 el Jefe de Seguridad de Comodoro Py"},"content":{"rendered":"<p><em>\u00a0<a href=\"http:\/\/www.elsindical.com.ar\/notas\/var\/www\/html\/notas\/wp-content\/uploads\/2016\/08\/Mariano-Coustau.jpg\"><img loading=\"lazy\" decoding=\"async\" class=\"alignnone size-medium wp-image-61242\" src=\"http:\/\/www.elsindical.com.ar\/notas\/var\/www\/html\/notas\/wp-content\/uploads\/2016\/08\/Mariano-Coustau-300x286.jpg\" alt=\"Mariano-Coustau\" width=\"300\" height=\"286\" srcset=\"https:\/\/www.elsindical.com.ar\/notas\/var\/www\/html\/notas\/wp-content\/uploads\/2016\/08\/Mariano-Coustau-300x286.jpg 300w, https:\/\/www.elsindical.com.ar\/notas\/var\/www\/html\/notas\/wp-content\/uploads\/2016\/08\/Mariano-Coustau-314x300.jpg 314w, https:\/\/www.elsindical.com.ar\/notas\/var\/www\/html\/notas\/wp-content\/uploads\/2016\/08\/Mariano-Coustau.jpg 531w\" sizes=\"auto, (max-width: 300px) 100vw, 300px\" \/><\/a> El\u00a0Comisario <strong>Mariano Mart\u00edn Coustau <\/strong>se suicid\u00f3 d\u00e1ndose\u00a0un balazo en la cabeza en su propia oficina del edificio de Tribuinales porte\u00f1o. El hecho ocurri\u00f3 en un container ubicado en la parte posterior del estacionamiento. A\u00fan se desconocen los motivos de la tr\u00e1gica decisi\u00f3n.\u00a0<\/em><\/p>\n<p>Se trata del\u00a0Comisario <strong>Mariano Mart\u00edn Coustau <\/strong>quien\u00a0se suicid\u00f3 d\u00e1ndose\u00a0un balazo en la cabeza en su propia oficina informaron fuentes judiciales.<\/p>\n<p>El hecho ocurri\u00f3 pasada la media tarde del\u00a0viernes y caus\u00f3 una profunda conmoci\u00f3n en sus subordinados, los empleados judiciales y los jueces y funcionarios que a\u00fan estaban en su lugar de trabajo.<\/p>\n<p>Coustau se mat\u00f3 en su despacho que funcionaba en un container acondicionado especialmente como oficina situado en la parte trasera del edificio, junto a una zona de estacionamiento.<\/p>\n<p>Apenas se supo de la dr\u00e1stica decisi\u00f3n del comisario, asistieron polic\u00edas de la comisar\u00eda 46 y personal del SAME, que constataron la muerte del oficial.<\/p>\n<p>Ahora, los\u00a0peritos forenses realizan\u00a0los an\u00e1lisis para determinar las causas que provocaron la irrevocable\u00a0decisi\u00f3n.<\/p>\n<p>&nbsp;<\/p>\n<p><strong>Fuente: Agencias de noticias<\/strong><\/p>\n","protected":false},"excerpt":{"rendered":"<p>\u00a0 El\u00a0Comisario Mariano Mart\u00edn Coustau se suicid\u00f3 d\u00e1ndose\u00a0un balazo en la cabeza en su propia oficina del edificio de Tribuinales porte\u00f1o. El hecho ocurri\u00f3 en un container ubicado en la parte posterior del estacionamiento. A\u00fan se desconocen los motivos de la tr\u00e1gica decisi\u00f3n.\u00a0 Se trata del\u00a0Comisario Mariano Mart\u00edn Coustau quien\u00a0se suicid\u00f3 d\u00e1ndose\u00a0un balazo en la&hellip;<\/p>\n","protected":false},"author":1,"featured_media":0,"comment_status":"open","ping_status":"open","sticky":false,"template":"","format":"standard","meta":{"footnotes":""},"categories":[22],"tags":[387,24106,5045,417,522],"class_list":["post-61241","post","type-post","status-publish","format-standard","hentry","category-policiales","tag-arma","tag-comisario-mariano-martin-coustau","tag-comodoro-py","tag-despacho","tag-suicidio"],"_links":{"self":[{"href":"https:\/\/www.elsindical.com.ar\/notas\/wp-json\/wp\/v2\/posts\/61241","targetHints":{"allow":["GET"]}}],"collection":[{"href":"https:\/\/www.elsindical.com.ar\/notas\/wp-json\/wp\/v2\/posts"}],"about":[{"href":"https:\/\/www.elsindical.com.ar\/notas\/wp-json\/wp\/v2\/types\/post"}],"author":[{"embeddable":true,"href":"https:\/\/www.elsindical.com.ar\/notas\/wp-json\/wp\/v2\/users\/1"}],"replies":[{"embeddable":true,"href":"https:\/\/www.elsindical.com.ar\/notas\/wp-json\/wp\/v2\/comments?post=61241"}],"version-history":[{"count":1,"href":"https:\/\/www.elsindical.com.ar\/notas\/wp-json\/wp\/v2\/posts\/61241\/revisions"}],"predecessor-version":[{"id":61243,"href":"https:\/\/www.elsindical.com.ar\/notas\/wp-json\/wp\/v2\/posts\/61241\/revisions\/61243"}],"wp:attachment":[{"href":"https:\/\/www.elsindical.com.ar\/notas\/wp-json\/wp\/v2\/media?parent=61241"}],"wp:term":[{"taxonomy":"category","embeddable":true,"href":"https:\/\/www.elsindical.com.ar\/notas\/wp-json\/wp\/v2\/categories?post=61241"},{"taxonomy":"post_tag","embeddable":true,"href":"https:\/\/www.elsindical.com.ar\/notas\/wp-json\/wp\/v2\/tags?post=61241"}],"curies":[{"name":"wp","href":"https:\/\/api.w.org\/{rel}","templated":true}]}}