{"id":6124,"date":"2010-05-04T00:45:16","date_gmt":"2010-05-04T03:45:16","guid":{"rendered":"http:\/\/www.elsindical.com.ar\/notas\/?p=6124"},"modified":"2010-05-04T00:45:16","modified_gmt":"2010-05-04T03:45:16","slug":"cristina-declaro-feriado-el-24-de-mayo-por-decreto","status":"publish","type":"post","link":"https:\/\/www.elsindical.com.ar\/notas\/cristina-declaro-feriado-el-24-de-mayo-por-decreto\/","title":{"rendered":"Cristina declar\u00f3 feriado el 24 de mayo por decreto"},"content":{"rendered":"<p style=\"text-align: justify;\"><em><a href=\"http:\/\/www.elsindical.com.ar\/notas\/var\/www\/html\/notas\/wp-content\/uploads\/2010\/05\/Cristina-cadena-nacional.jpg\"><img loading=\"lazy\" decoding=\"async\" class=\"alignleft size-full wp-image-6125\" title=\"Cristina-cadena-nacional\" src=\"http:\/\/www.elsindical.com.ar\/notas\/var\/www\/html\/notas\/wp-content\/uploads\/2010\/05\/Cristina-cadena-nacional.jpg\" alt=\"\" width=\"227\" height=\"151\" \/><\/a>La presidenta Cristina Kirchner dispuso por decreto que el pr\u00f3ximo 24 de mayo sea feriado nacional por las celebraciones del Bicentenario, ante las trabas en el Congreso de tratar un proyecto de ley con ese objetivo.<\/em><\/p>\n<p style=\"text-align: justify;\">\u00abEs un pedido de los sectores tur\u00edsticos y busca garantizar que todos puedan participar de los festejos del Bicentenario\u00bb, dijo la Presidenta en un acto en la Casa Rosada, al tiempo que cuestion\u00f3 al arco opositor parlamentario por \u00abno tomarse el tiempito para sancionar este tema en el que todos estamos de acuerdo\u00bb.<\/p>\n<p>En ese sentido, la Presidenta justific\u00f3 su decisi\u00f3n en el hecho de que \u00abestamos cerquita del viernes 21\u00bb, cuando se inician los festejos, y \u00abnecesariamente la gente tiene que programar su vida\u00bb.<\/p>\n<p>La decisi\u00f3n de Cristina Kirchner se produce un d\u00eda despu\u00e9s de que la UCR anticipara al trav\u00e9s del diputado Oscar Aguad que no iba a apoyar en el Congreso la iniciativa oficial.<\/p>\n<p>\u00abUn diputado de la oposici\u00f3n rechaza esta medida. \u00a1La pucha! \u00bfTambi\u00e9n tengo que explicar esto?\u00bb, se quej\u00f3 Cristina Kirchner, que pidi\u00f3 adem\u00e1s \u00abponer voluntad para solucionar los problemas\u00bb.<\/p>\n<p>De esta forma, el lunes 24 de mayo ser\u00e1 feriado \u00abpor \u00fanica vez\u00bb y quedar\u00e1n establecidos cuatro d\u00edas no laborales consecutivos para los festejos de los 200 a\u00f1os de la Revolucu\u00edon de Mayo.<\/p>\n<p>El anuncio fue realizado por la jefa de Estado al encabezar un acto en la Casa Rosada, donde reglament\u00f3 la Ley de Migraciones.<\/p>\n","protected":false},"excerpt":{"rendered":"<p>La presidenta Cristina Kirchner dispuso por decreto que el pr\u00f3ximo 24 de mayo sea feriado nacional por las celebraciones del Bicentenario, ante las trabas en el Congreso de tratar un proyecto de ley con ese objetivo. \u00abEs un pedido de los sectores tur\u00edsticos y busca garantizar que todos puedan participar de los festejos del Bicentenario\u00bb,&hellip;<\/p>\n","protected":false},"author":1,"featured_media":0,"comment_status":"open","ping_status":"open","sticky":false,"template":"","format":"standard","meta":{"footnotes":""},"categories":[13],"tags":[3208,1205,1523,3207],"class_list":["post-6124","post","type-post","status-publish","format-standard","hentry","category-politica","tag-bicentenario","tag-cristina-fernandez-de-kirchner","tag-decreto","tag-feriado"],"_links":{"self":[{"href":"https:\/\/www.elsindical.com.ar\/notas\/wp-json\/wp\/v2\/posts\/6124","targetHints":{"allow":["GET"]}}],"collection":[{"href":"https:\/\/www.elsindical.com.ar\/notas\/wp-json\/wp\/v2\/posts"}],"about":[{"href":"https:\/\/www.elsindical.com.ar\/notas\/wp-json\/wp\/v2\/types\/post"}],"author":[{"embeddable":true,"href":"https:\/\/www.elsindical.com.ar\/notas\/wp-json\/wp\/v2\/users\/1"}],"replies":[{"embeddable":true,"href":"https:\/\/www.elsindical.com.ar\/notas\/wp-json\/wp\/v2\/comments?post=6124"}],"version-history":[{"count":1,"href":"https:\/\/www.elsindical.com.ar\/notas\/wp-json\/wp\/v2\/posts\/6124\/revisions"}],"predecessor-version":[{"id":6126,"href":"https:\/\/www.elsindical.com.ar\/notas\/wp-json\/wp\/v2\/posts\/6124\/revisions\/6126"}],"wp:attachment":[{"href":"https:\/\/www.elsindical.com.ar\/notas\/wp-json\/wp\/v2\/media?parent=6124"}],"wp:term":[{"taxonomy":"category","embeddable":true,"href":"https:\/\/www.elsindical.com.ar\/notas\/wp-json\/wp\/v2\/categories?post=6124"},{"taxonomy":"post_tag","embeddable":true,"href":"https:\/\/www.elsindical.com.ar\/notas\/wp-json\/wp\/v2\/tags?post=6124"}],"curies":[{"name":"wp","href":"https:\/\/api.w.org\/{rel}","templated":true}]}}