{"id":61238,"date":"2016-08-05T13:00:57","date_gmt":"2016-08-05T16:00:57","guid":{"rendered":"http:\/\/www.elsindical.com.ar\/notas\/?p=61238"},"modified":"2016-08-05T13:00:57","modified_gmt":"2016-08-05T16:00:57","slug":"gremio-de-afip-presento-proyecto-de-ley-para-reformar-ganancias","status":"publish","type":"post","link":"https:\/\/www.elsindical.com.ar\/notas\/gremio-de-afip-presento-proyecto-de-ley-para-reformar-ganancias\/","title":{"rendered":"Gremio de AFIP present\u00f3 proyecto de ley para reformar Ganancias"},"content":{"rendered":"<p class=\"copete\"><em><a href=\"http:\/\/www.elsindical.com.ar\/notas\/var\/www\/html\/notas\/wp-content\/uploads\/2016\/08\/Guillermo-Imbrogno-l\u00edder-de-la-AEFIP.jpg\"><img loading=\"lazy\" decoding=\"async\" class=\"alignnone size-medium wp-image-61239\" src=\"http:\/\/www.elsindical.com.ar\/notas\/var\/www\/html\/notas\/wp-content\/uploads\/2016\/08\/Guillermo-Imbrogno-l\u00edder-de-la-AEFIP-300x176.jpg\" alt=\"Guillermo-Imbrogno-l\u00edder-de-la-AEFIP\" width=\"300\" height=\"176\" srcset=\"https:\/\/www.elsindical.com.ar\/notas\/var\/www\/html\/notas\/wp-content\/uploads\/2016\/08\/Guillermo-Imbrogno-l\u00edder-de-la-AEFIP-300x176.jpg 300w, https:\/\/www.elsindical.com.ar\/notas\/var\/www\/html\/notas\/wp-content\/uploads\/2016\/08\/Guillermo-Imbrogno-l\u00edder-de-la-AEFIP-500x294.jpg 500w, https:\/\/www.elsindical.com.ar\/notas\/var\/www\/html\/notas\/wp-content\/uploads\/2016\/08\/Guillermo-Imbrogno-l\u00edder-de-la-AEFIP.jpg 620w\" sizes=\"auto, (max-width: 300px) 100vw, 300px\" \/><\/a>Destacan la importancia de modificar \u00abcuanto antes\u00bb el m\u00ednimo no imponible y las escalas de la cuarta categor\u00eda del impuesto.<\/em><\/p>\n<p>El secretario general de la Asociaci\u00f3n de Empleados Fiscales de Ingresos P\u00fablicos (Aefip), <strong>Guillermo Imbrogno<\/strong>, presenta un proyecto de ley de reforma del impuesto a las Ganancias que ser\u00e1 encaminado a la C\u00e1mara de Diputados a trav\u00e9s de los legisladores de origen sindical.<\/p>\n<p>El dirigente destac\u00f3 \u00abla importancia de <strong>modificar cuanto antes el m\u00ednimo no imponible y las escalas de la 4ta Categor\u00eda<\/strong> del Impuesto a las Ganancias, en el marco de una reforma integral del sistema impositivo, para que la presi\u00f3n tributaria deje de caer sobre las espaldas de los trabajadores y vayamos hacia una matriz tributaria progresiva.\u00bb<\/p>\n<p>\u00abComo trabajadores, conocemos desde el trabajo cotidiano la intimidad, las fortalezas y los puntos sensibles de nuestro sistema impositivo y estamos conformes de poder aportar nuestro conocimiento t\u00e9cnico para mejorar la situaci\u00f3n de los compa\u00f1eros\u00bb a trav\u00e9s de la propuesta de reforma al Impuesto a las Ganancias, expres\u00f3 Imbrogno.<\/p>\n<p>En reiteradas ocasiones, el dirigente sindical abog\u00f3 por avanzar en una reforma profunda del sistema impositivo argentino, en el que hasta ahora \u00ab<strong>s\u00f3lo hubo parches en lugar de soluciones<\/strong>\u00ab.<\/p>\n<p>Imbrogno anticip\u00f3 a T\u00e9lam que dicho proyecto ya fue presentado a la c\u00fapula de la CGT y a los jefes de todos los bloques de la C\u00e1mara de Diputados, donde ser\u00e1 tenido en cuenta para un futuro debate legislativo.<\/p>\n","protected":false},"excerpt":{"rendered":"<p>Destacan la importancia de modificar \u00abcuanto antes\u00bb el m\u00ednimo no imponible y las escalas de la cuarta categor\u00eda del impuesto. El secretario general de la Asociaci\u00f3n de Empleados Fiscales de Ingresos P\u00fablicos (Aefip), Guillermo Imbrogno, presenta un proyecto de ley de reforma del impuesto a las Ganancias que ser\u00e1 encaminado a la C\u00e1mara de Diputados&hellip;<\/p>\n","protected":false},"author":1,"featured_media":0,"comment_status":"open","ping_status":"open","sticky":false,"template":"","format":"standard","meta":{"footnotes":""},"categories":[16],"tags":[22529,910,23004],"class_list":["post-61238","post","type-post","status-publish","format-standard","hentry","category-gremiales","tag-aefip","tag-cgt","tag-guillermo-imbrogno"],"_links":{"self":[{"href":"https:\/\/www.elsindical.com.ar\/notas\/wp-json\/wp\/v2\/posts\/61238","targetHints":{"allow":["GET"]}}],"collection":[{"href":"https:\/\/www.elsindical.com.ar\/notas\/wp-json\/wp\/v2\/posts"}],"about":[{"href":"https:\/\/www.elsindical.com.ar\/notas\/wp-json\/wp\/v2\/types\/post"}],"author":[{"embeddable":true,"href":"https:\/\/www.elsindical.com.ar\/notas\/wp-json\/wp\/v2\/users\/1"}],"replies":[{"embeddable":true,"href":"https:\/\/www.elsindical.com.ar\/notas\/wp-json\/wp\/v2\/comments?post=61238"}],"version-history":[{"count":1,"href":"https:\/\/www.elsindical.com.ar\/notas\/wp-json\/wp\/v2\/posts\/61238\/revisions"}],"predecessor-version":[{"id":61240,"href":"https:\/\/www.elsindical.com.ar\/notas\/wp-json\/wp\/v2\/posts\/61238\/revisions\/61240"}],"wp:attachment":[{"href":"https:\/\/www.elsindical.com.ar\/notas\/wp-json\/wp\/v2\/media?parent=61238"}],"wp:term":[{"taxonomy":"category","embeddable":true,"href":"https:\/\/www.elsindical.com.ar\/notas\/wp-json\/wp\/v2\/categories?post=61238"},{"taxonomy":"post_tag","embeddable":true,"href":"https:\/\/www.elsindical.com.ar\/notas\/wp-json\/wp\/v2\/tags?post=61238"}],"curies":[{"name":"wp","href":"https:\/\/api.w.org\/{rel}","templated":true}]}}