{"id":61236,"date":"2016-08-05T12:40:01","date_gmt":"2016-08-05T15:40:01","guid":{"rendered":"http:\/\/www.elsindical.com.ar\/notas\/?p=61236"},"modified":"2016-08-05T12:40:01","modified_gmt":"2016-08-05T15:40:01","slug":"ate-ministerio-de-hacienda-denuncia-a-prat-gay-por-persecucion-sindical","status":"publish","type":"post","link":"https:\/\/www.elsindical.com.ar\/notas\/ate-ministerio-de-hacienda-denuncia-a-prat-gay-por-persecucion-sindical\/","title":{"rendered":"ATE Ministerio de Hacienda denuncia a Prat Gay por persecuci\u00f3n sindical"},"content":{"rendered":"<p class=\"copete\"><em><a href=\"http:\/\/www.elsindical.com.ar\/notas\/var\/www\/html\/notas\/wp-content\/uploads\/2016\/04\/Alfonso-Prat-Gay.jpg\"><img loading=\"lazy\" decoding=\"async\" class=\"alignnone size-medium wp-image-58403\" src=\"http:\/\/www.elsindical.com.ar\/notas\/var\/www\/html\/notas\/wp-content\/uploads\/2016\/04\/Alfonso-Prat-Gay-300x300.jpg\" alt=\"Alfonso-Prat-Gay\" width=\"300\" height=\"300\" srcset=\"https:\/\/www.elsindical.com.ar\/notas\/var\/www\/html\/notas\/wp-content\/uploads\/2016\/04\/Alfonso-Prat-Gay-300x300.jpg 300w, https:\/\/www.elsindical.com.ar\/notas\/var\/www\/html\/notas\/wp-content\/uploads\/2016\/04\/Alfonso-Prat-Gay-150x150.jpg 150w, https:\/\/www.elsindical.com.ar\/notas\/var\/www\/html\/notas\/wp-content\/uploads\/2016\/04\/Alfonso-Prat-Gay.jpg 443w\" sizes=\"auto, (max-width: 300px) 100vw, 300px\" \/><\/a>\u00a0 La Junta Interna de ATE MECON realizar\u00e1 hoy a las 13:00 horas un acto en la puerta del Ministerio de Hacienda (Yrigoyen 250) para denunciar persecuci\u00f3n a activistas sindicales.<\/em><\/p>\n<p>Seg\u00fan informaron desde ese \u00f3rgano gremial, trabajadores pertenecientes a la Coordinaci\u00f3n General T\u00e9cnica Operativa de la Secretar\u00eda de Pol\u00edtica Econ\u00f3mica y Planificaci\u00f3n del Desarrollo, dependiente del vice ministro Pedro Lacoste, fueron incluidos el lunes 11 de julio en un sumario administrativo.<\/p>\n<p>Les adjudican <strong>maltratos y pr\u00e1cticas intimidatorias durante medidas de fuerza<\/strong> votadas en asambleas por la reincorporaci\u00f3n de los 150 trabajadores despedidos en Hacienda. Por disposici\u00f3n del Secretario Legal y Administrativo se dispuso el traslado de los 3 trabajadores.<\/p>\n<p>\u00abLas medidas dispuestas apuntan a establecer un grave precedente contra el ejercicio del derecho constitucional a la huelga, mediante causas armadas y sin prueba alguna\u00bb declar\u00f3 <strong>Sebasti\u00e1n Tafuro<\/strong>, delegado de ATE en el Ministerio de Hacienda.<\/p>\n<p>El dirigente cree que \u00abesto se inscribe en una fuerte avanzada del Gobierno Nacional para <strong>criminalizar a los luchadores sociales<\/strong>, como pudimos observar ayer con el vergonzoso intento de detenci\u00f3n a Hebe de Bonafini o con el caso de los trabajadores ferroviarios del Sarmiento\u00bb.<\/p>\n<p>Bajo la exigencia a las autoridades para que cesen toda conducta anti sindical, desde la Junta Interna realizar\u00e1 hoy a las 13:00 horas en Yrigoyen 250 un acto al que invitan a participar a otras juntas internas de ATE, sindicatos y organizaciones sociales y de derechos humanos.<\/p>\n","protected":false},"excerpt":{"rendered":"<p>\u00a0 La Junta Interna de ATE MECON realizar\u00e1 hoy a las 13:00 horas un acto en la puerta del Ministerio de Hacienda (Yrigoyen 250) para denunciar persecuci\u00f3n a activistas sindicales. Seg\u00fan informaron desde ese \u00f3rgano gremial, trabajadores pertenecientes a la Coordinaci\u00f3n General T\u00e9cnica Operativa de la Secretar\u00eda de Pol\u00edtica Econ\u00f3mica y Planificaci\u00f3n del Desarrollo, dependiente&hellip;<\/p>\n","protected":false},"author":1,"featured_media":0,"comment_status":"open","ping_status":"open","sticky":false,"template":"","format":"standard","meta":{"footnotes":""},"categories":[16],"tags":[24103,175,24105,24104],"class_list":["post-61236","post","type-post","status-publish","format-standard","hentry","category-gremiales","tag-ate-mecon","tag-denuncia","tag-persecusion-gremial","tag-sebastian-tafuro"],"_links":{"self":[{"href":"https:\/\/www.elsindical.com.ar\/notas\/wp-json\/wp\/v2\/posts\/61236","targetHints":{"allow":["GET"]}}],"collection":[{"href":"https:\/\/www.elsindical.com.ar\/notas\/wp-json\/wp\/v2\/posts"}],"about":[{"href":"https:\/\/www.elsindical.com.ar\/notas\/wp-json\/wp\/v2\/types\/post"}],"author":[{"embeddable":true,"href":"https:\/\/www.elsindical.com.ar\/notas\/wp-json\/wp\/v2\/users\/1"}],"replies":[{"embeddable":true,"href":"https:\/\/www.elsindical.com.ar\/notas\/wp-json\/wp\/v2\/comments?post=61236"}],"version-history":[{"count":1,"href":"https:\/\/www.elsindical.com.ar\/notas\/wp-json\/wp\/v2\/posts\/61236\/revisions"}],"predecessor-version":[{"id":61237,"href":"https:\/\/www.elsindical.com.ar\/notas\/wp-json\/wp\/v2\/posts\/61236\/revisions\/61237"}],"wp:attachment":[{"href":"https:\/\/www.elsindical.com.ar\/notas\/wp-json\/wp\/v2\/media?parent=61236"}],"wp:term":[{"taxonomy":"category","embeddable":true,"href":"https:\/\/www.elsindical.com.ar\/notas\/wp-json\/wp\/v2\/categories?post=61236"},{"taxonomy":"post_tag","embeddable":true,"href":"https:\/\/www.elsindical.com.ar\/notas\/wp-json\/wp\/v2\/tags?post=61236"}],"curies":[{"name":"wp","href":"https:\/\/api.w.org\/{rel}","templated":true}]}}