{"id":61148,"date":"2016-08-01T00:44:24","date_gmt":"2016-08-01T03:44:24","guid":{"rendered":"http:\/\/www.elsindical.com.ar\/notas\/?p=61148"},"modified":"2016-08-01T00:51:05","modified_gmt":"2016-08-01T03:51:05","slug":"benicio-gutierrez-pantera-o-gatito","status":"publish","type":"post","link":"https:\/\/www.elsindical.com.ar\/notas\/benicio-gutierrez-pantera-o-gatito\/","title":{"rendered":"Benicio Guti\u00e9rrez, \u00bfpantera o gatito?"},"content":{"rendered":"<p><a href=\"http:\/\/www.elsindical.com.ar\/notas\/var\/www\/html\/notas\/wp-content\/uploads\/2016\/08\/juramento-de-Pantera.jpg\"><img loading=\"lazy\" decoding=\"async\" class=\"alignnone size-medium wp-image-61149\" src=\"http:\/\/www.elsindical.com.ar\/notas\/var\/www\/html\/notas\/wp-content\/uploads\/2016\/08\/juramento-de-Pantera-300x195.jpg\" alt=\"juramento-de-Pantera\" width=\"300\" height=\"195\" srcset=\"https:\/\/www.elsindical.com.ar\/notas\/var\/www\/html\/notas\/wp-content\/uploads\/2016\/08\/juramento-de-Pantera-300x195.jpg 300w, https:\/\/www.elsindical.com.ar\/notas\/var\/www\/html\/notas\/wp-content\/uploads\/2016\/08\/juramento-de-Pantera-461x300.jpg 461w, https:\/\/www.elsindical.com.ar\/notas\/var\/www\/html\/notas\/wp-content\/uploads\/2016\/08\/juramento-de-Pantera.jpg 738w\" sizes=\"auto, (max-width: 300px) 100vw, 300px\" \/><\/a><em>El juramento de Benicio Guti\u00e9rrez como Subsecretario de Pol\u00edticas Sociales hace unos pocos d\u00edas, me hizo ruido por muchos motivos, por un lado he conocido a \u00abpantera\u00bb como concejal opositor y me ha tocado ver su trabajo por los m\u00e1s necesitados, el trato con la gente y especialmente la confianza que muchos vecinos tienen en \u00e9l.<\/em><\/p>\n<p>Por todas esas cosas uno suele sentir aprecio cuando hay un pol\u00edtico que parece tener sensibilidad y criterio, incluso no me terminaba de cerrar su acercamiento al ex concejal Jorge Gamarra quien carec\u00eda de muchas virtudes y educaci\u00f3n, lo que lo transformaba en uno de los impresentables de la pol\u00edtica local.<\/p>\n<p>Todo ese inter\u00e9s por hacer las cosas bien, por preocuparse por la salud, la seguridad y otras cuestiones de los vecinos, parece que en el mejor de los casos entrar\u00e1n en una espera mientras ocupe su cargo de subsecretario, son estas las cosas de la pol\u00edtica que no son sencillas de entender y que a simple vista parecen afectar al honor de quien es capaz de saltar a la vereda de enfrente y no solo caminarla sino ir de la mano del tipo al que se criticaba.<\/p>\n<p>Benicio Guti\u00e9rrez hoy se suma a esos pol\u00edticos que no resisten el archivo, habla con loas de un intendente al cual se cans\u00f3 se acusar y fustigar por la posici\u00f3n pol\u00edtica y por la forma en que ejecuta su cargo, no se puede creer en alguien que un d\u00eda acusa a Ferraresi de casi todos los males de Avellaneda y luego lo endiosa como un h\u00e9roe de la resistencia, porque Ferraresi la \u00fanica resistencia que puede conocer es la de un calentador.<\/p>\n<p>Personalmente prefiero al \u00abpantera\u00bb de barrio, ese que tiene c\u00f3digos, que su preocupaci\u00f3n por la salud de los vecinos es genuina y no una forma de hacer pol\u00edtica, prefiero el pol\u00edtico que quiere la seguridad de sus vecinos y un mejor barrio, antes que el funcionario que ahora guarde silencio sobre algunos punteros pol\u00edticos.<\/p>\n<p>Las \u00fanicas panteras domesticadas que he visto son esas que llevan collares de brillantes y son un objeto m\u00e1s de exhibici\u00f3n de adinerados mafiosos, de los que necesitan mostrarles al resto que ellos pueden tener o comprar lo que quieran.<\/p>\n<p>Dicen que la necesidad tiene cara de hereje, espero no sea este el caso.<\/p>\n<p>&nbsp;<\/p>\n<p><strong>Por Marcelo Ricardo Hawrylciw<\/strong><\/p>\n","protected":false},"excerpt":{"rendered":"<p>El juramento de Benicio Guti\u00e9rrez como Subsecretario de Pol\u00edticas Sociales hace unos pocos d\u00edas, me hizo ruido por muchos motivos, por un lado he conocido a \u00abpantera\u00bb como concejal opositor y me ha tocado ver su trabajo por los m\u00e1s necesitados, el trato con la gente y especialmente la confianza que muchos vecinos tienen en&hellip;<\/p>\n","protected":false},"author":1,"featured_media":0,"comment_status":"open","ping_status":"open","sticky":false,"template":"","format":"standard","meta":{"footnotes":""},"categories":[10],"tags":[461,3517,7641,1062,24079,24080],"class_list":["post-61148","post","type-post","status-publish","format-standard","hentry","category-editorial","tag-avellaneda","tag-benicio-gutierrez","tag-gestion","tag-jorge-ferraresi","tag-pantera","tag-subsecretario-de-politicas-sociales"],"_links":{"self":[{"href":"https:\/\/www.elsindical.com.ar\/notas\/wp-json\/wp\/v2\/posts\/61148","targetHints":{"allow":["GET"]}}],"collection":[{"href":"https:\/\/www.elsindical.com.ar\/notas\/wp-json\/wp\/v2\/posts"}],"about":[{"href":"https:\/\/www.elsindical.com.ar\/notas\/wp-json\/wp\/v2\/types\/post"}],"author":[{"embeddable":true,"href":"https:\/\/www.elsindical.com.ar\/notas\/wp-json\/wp\/v2\/users\/1"}],"replies":[{"embeddable":true,"href":"https:\/\/www.elsindical.com.ar\/notas\/wp-json\/wp\/v2\/comments?post=61148"}],"version-history":[{"count":2,"href":"https:\/\/www.elsindical.com.ar\/notas\/wp-json\/wp\/v2\/posts\/61148\/revisions"}],"predecessor-version":[{"id":61151,"href":"https:\/\/www.elsindical.com.ar\/notas\/wp-json\/wp\/v2\/posts\/61148\/revisions\/61151"}],"wp:attachment":[{"href":"https:\/\/www.elsindical.com.ar\/notas\/wp-json\/wp\/v2\/media?parent=61148"}],"wp:term":[{"taxonomy":"category","embeddable":true,"href":"https:\/\/www.elsindical.com.ar\/notas\/wp-json\/wp\/v2\/categories?post=61148"},{"taxonomy":"post_tag","embeddable":true,"href":"https:\/\/www.elsindical.com.ar\/notas\/wp-json\/wp\/v2\/tags?post=61148"}],"curies":[{"name":"wp","href":"https:\/\/api.w.org\/{rel}","templated":true}]}}