{"id":61143,"date":"2016-07-31T22:48:32","date_gmt":"2016-08-01T01:48:32","guid":{"rendered":"http:\/\/www.elsindical.com.ar\/notas\/?p=61143"},"modified":"2016-07-31T22:48:32","modified_gmt":"2016-08-01T01:48:32","slug":"cayo-la-produccion-de-pymes-al-nivel-mas-bajo-en-7-anos","status":"publish","type":"post","link":"https:\/\/www.elsindical.com.ar\/notas\/cayo-la-produccion-de-pymes-al-nivel-mas-bajo-en-7-anos\/","title":{"rendered":"Cay\u00f3 la producci\u00f3n de Pymes al nivel \u201cm\u00e1s bajo en 7 a\u00f1os\u201d"},"content":{"rendered":"<p><em><a href=\"http:\/\/www.elsindical.com.ar\/notas\/var\/www\/html\/notas\/wp-content\/uploads\/2016\/07\/producci\u00f3n-econ\u00f3mica.jpg\"><img loading=\"lazy\" decoding=\"async\" class=\"alignnone size-medium wp-image-61144\" src=\"http:\/\/www.elsindical.com.ar\/notas\/var\/www\/html\/notas\/wp-content\/uploads\/2016\/07\/producci\u00f3n-econ\u00f3mica-300x173.jpg\" alt=\"producci\u00f3n-econ\u00f3mica\" width=\"300\" height=\"173\" srcset=\"https:\/\/www.elsindical.com.ar\/notas\/var\/www\/html\/notas\/wp-content\/uploads\/2016\/07\/producci\u00f3n-econ\u00f3mica-300x173.jpg 300w, https:\/\/www.elsindical.com.ar\/notas\/var\/www\/html\/notas\/wp-content\/uploads\/2016\/07\/producci\u00f3n-econ\u00f3mica-500x289.jpg 500w, https:\/\/www.elsindical.com.ar\/notas\/var\/www\/html\/notas\/wp-content\/uploads\/2016\/07\/producci\u00f3n-econ\u00f3mica.jpg 620w\" sizes=\"auto, (max-width: 300px) 100vw, 300px\" \/><\/a>\u00a0 Se redujo un 5,9% en relaci\u00f3n al a\u00f1o pasado. El informe de la c\u00e1mara sectorial afirma que \u00abhay mucha incertidumbre porque la recuperaci\u00f3n no llega, y 7 de cada 10 industriales no ven reactivaci\u00f3n en los pr\u00f3ximos seis meses\u00bb.\u00a0\u00a0\u00a0\u00a0\u00a0\u00a0<\/em><\/p>\n<p>La producci\u00f3n de las peque\u00f1as y medianas empresas (pymes) industriales cay\u00f3 en junio 5,9 por ciento en relaci\u00f3n a igual mes del a\u00f1o anterior, y \u00abalcanz\u00f3 el nivel m\u00e1s bajo en 7 a\u00f1os\u00bb, seg\u00fan un sondeo de la Confederaci\u00f3n Argentina de la Mediana Empresa (CAME).<\/p>\n<p>As\u00ed, la producci\u00f3n de las pymes industriales acumul\u00f3 en el primer semestre del a\u00f1o una una retracci\u00f3n de 4,4 por ciento interanual.<\/p>\n<p>Asimismo, el sector registr\u00f3 en junio una contracci\u00f3n de 6,2 por ciento si se compara con mayo.<\/p>\n<p>\u00abEl \u00cdndice de Producci\u00f3n Industrial PyME (IPIP) alcanz\u00f3 un valor de 79,3 puntos en el mes, la cifra m\u00e1s baja desde que en enero de 2010 se comenz\u00f3 la medici\u00f3n\u00bb, precis\u00f3 el informe.<\/p>\n<p>La CAME afirm\u00f3 que \u00abhay mucha incertidumbre porque la recuperaci\u00f3n no llega, y 7 de cada 10 industriales no ven reactivaci\u00f3n en los pr\u00f3ximos seis meses\u00bb. En ese marco, se\u00f1al\u00f3 que \u00abs\u00f3lo el 12 por ciento de las industrias pymes tiene planes de inversi\u00f3n para el a\u00f1o\u00bb, aunque sostuvo \u00abhay m\u00e1s empresas que evaluar\u00edan esa posibilidad si mejorara la econom\u00eda\u00bb.<\/p>\n<p>\u00abLa suba de costos es el principal problema hoy, que combinado con menores ventas, est\u00e1 poniendo a los empresarios en situaciones de alto estr\u00e9s. Hay m\u00e1s dificultades para pagar a proveedores y muchas pymes est\u00e1n achicando sus negocios\u00bb, advirti\u00f3.<\/p>\n<p>El informe detall\u00f3 que los 11 rubros relevados verificaron en junio ca\u00eddas interanuales en su nivel de producci\u00f3n. Por sectores, las ramas m\u00e1s afectadas en la comparaci\u00f3n interanual, en junio fueron: &#8216;Material de Transporte&#8217; (-8,4 por ciento), \u2018Productos de Caucho y Pl\u00e1stico\u2019 (-8,3 por ciento), \u2018Productos de metal, maquinaria y equipo\u2019 (-7,4 por ciento), \u2018Papel, cart\u00f3n, edici\u00f3n e impresi\u00f3n\u2019 (-7 por ciento), \u2018Minerales no met\u00e1licos\u2019 (-7 por ciento), \u2018Textiles y prendas de vestir\u2019 (-6,2 por ciento), \u2018Calzado y marroquiner\u00eda\u2019 (-6,1 por ciento), \u2018Productos qu\u00edmicos\u2019 (-5 por ciento).<\/p>\n","protected":false},"excerpt":{"rendered":"<p>\u00a0 Se redujo un 5,9% en relaci\u00f3n al a\u00f1o pasado. El informe de la c\u00e1mara sectorial afirma que \u00abhay mucha incertidumbre porque la recuperaci\u00f3n no llega, y 7 de cada 10 industriales no ven reactivaci\u00f3n en los pr\u00f3ximos seis meses\u00bb.\u00a0\u00a0\u00a0\u00a0\u00a0\u00a0 La producci\u00f3n de las peque\u00f1as y medianas empresas (pymes) industriales cay\u00f3 en junio 5,9 por&hellip;<\/p>\n","protected":false},"author":1,"featured_media":0,"comment_status":"open","ping_status":"open","sticky":false,"template":"","format":"standard","meta":{"footnotes":""},"categories":[9],"tags":[7187,3413,24078,8533,16865],"class_list":["post-61143","post","type-post","status-publish","format-standard","hentry","category-economia","tag-came","tag-informe","tag-ipip","tag-produccion","tag-pyme"],"_links":{"self":[{"href":"https:\/\/www.elsindical.com.ar\/notas\/wp-json\/wp\/v2\/posts\/61143","targetHints":{"allow":["GET"]}}],"collection":[{"href":"https:\/\/www.elsindical.com.ar\/notas\/wp-json\/wp\/v2\/posts"}],"about":[{"href":"https:\/\/www.elsindical.com.ar\/notas\/wp-json\/wp\/v2\/types\/post"}],"author":[{"embeddable":true,"href":"https:\/\/www.elsindical.com.ar\/notas\/wp-json\/wp\/v2\/users\/1"}],"replies":[{"embeddable":true,"href":"https:\/\/www.elsindical.com.ar\/notas\/wp-json\/wp\/v2\/comments?post=61143"}],"version-history":[{"count":1,"href":"https:\/\/www.elsindical.com.ar\/notas\/wp-json\/wp\/v2\/posts\/61143\/revisions"}],"predecessor-version":[{"id":61145,"href":"https:\/\/www.elsindical.com.ar\/notas\/wp-json\/wp\/v2\/posts\/61143\/revisions\/61145"}],"wp:attachment":[{"href":"https:\/\/www.elsindical.com.ar\/notas\/wp-json\/wp\/v2\/media?parent=61143"}],"wp:term":[{"taxonomy":"category","embeddable":true,"href":"https:\/\/www.elsindical.com.ar\/notas\/wp-json\/wp\/v2\/categories?post=61143"},{"taxonomy":"post_tag","embeddable":true,"href":"https:\/\/www.elsindical.com.ar\/notas\/wp-json\/wp\/v2\/tags?post=61143"}],"curies":[{"name":"wp","href":"https:\/\/api.w.org\/{rel}","templated":true}]}}