{"id":61112,"date":"2016-07-29T16:45:34","date_gmt":"2016-07-29T19:45:34","guid":{"rendered":"http:\/\/www.elsindical.com.ar\/notas\/?p=61112"},"modified":"2016-07-29T16:45:34","modified_gmt":"2016-07-29T19:45:34","slug":"hablo-el-abogado-macrista-tras-el-escandalo-con-un-arma-a-veces-me-hago-el-loco","status":"publish","type":"post","link":"https:\/\/www.elsindical.com.ar\/notas\/hablo-el-abogado-macrista-tras-el-escandalo-con-un-arma-a-veces-me-hago-el-loco\/","title":{"rendered":"Habl\u00f3 el abogado macrista tras el esc\u00e1ndalo con un arma: \u00abA veces me hago el loco\u00bb"},"content":{"rendered":"<p class=\"preview\"><a href=\"http:\/\/www.elsindical.com.ar\/notas\/var\/www\/html\/notas\/wp-content\/uploads\/2016\/07\/Rizzo-y-Angelici.jpg\"><img loading=\"lazy\" decoding=\"async\" class=\"alignnone size-medium wp-image-61113\" src=\"http:\/\/www.elsindical.com.ar\/notas\/var\/www\/html\/notas\/wp-content\/uploads\/2016\/07\/Rizzo-y-Angelici-300x184.jpg\" alt=\"Rizzo-y-Angelici\" width=\"300\" height=\"184\" srcset=\"https:\/\/www.elsindical.com.ar\/notas\/var\/www\/html\/notas\/wp-content\/uploads\/2016\/07\/Rizzo-y-Angelici-300x184.jpg 300w, https:\/\/www.elsindical.com.ar\/notas\/var\/www\/html\/notas\/wp-content\/uploads\/2016\/07\/Rizzo-y-Angelici-490x300.jpg 490w, https:\/\/www.elsindical.com.ar\/notas\/var\/www\/html\/notas\/wp-content\/uploads\/2016\/07\/Rizzo-y-Angelici.jpg 531w\" sizes=\"auto, (max-width: 300px) 100vw, 300px\" \/><\/a>Jorge Rizzo, titular del Colegio de Abogados y amigo del operador judicial Daniel Angelici, fue detenido por desenvainar un rev\u00f3lver en plena calle contra un hombre.<\/p>\n<p>El presidente del Colegio de Abogados de Capital Federal, Jorge Rizzo, fue detenido tras desenvainar un arma contra una persona en pleno centro porte\u00f1o.<\/p>\n<p>El letrado, vinculado al PRO y amigo del operador judicial macrista Daniel Angelici rompi\u00f3 el silencio tras ese hecho: \u00abA veces me hago el loco, cuando conviene, es parte de la necesidad\u00bb<\/p>\n<p>Rizzo dio su versi\u00f3n de lo ocurrido. \u00abQuise pasar a un motociclista y se ve que se enoj\u00f3. Parece que quiso cobrar el seguro. No se si se cay\u00f3 o se tir\u00f3. El tipo se levanta como loco, pens\u00e9 que me reventaba. Baj\u00e9 el vidrio. Le digo: &#8216;tranquilo&#8217;. Abro la guantera y le digo: &#8216;mir\u00e1 lo que tengo ac\u00e1&#8217;. Era un rev\u00f3lver. Hice uso del derecho constitucional de portar armas (NdeR: Rizzo est\u00e1 autorizado a portar armas)\u00bb.<\/p>\n<p>El abogado cont\u00f3 que viene siendo amenazado hace cuatro a\u00f1os y justific\u00f3 su reacci\u00f3n: \u00abJam\u00e1s me pas\u00f3 algo similar, nunca mostr\u00e9 el arma. Pero fue muy sorpresivo como me clav\u00f3 los frenos\u00bb.<\/p>\n<p>Ayer estuvo demorado varias horas por este hecho tras haber sido detenido por un oficial y trasladado a la Comisar\u00eda 7\u00aa.<\/p>\n<p><iframe loading=\"lazy\" id=\"audio_12381662\" style=\"border: 1px solid #eeeeee; width: 100%; box-sizing: border-box;\" src=\"https:\/\/ar.ivoox.com\/es\/player_ej_12381662_4_1.html?c1=ff6600\" width=\"300\" height=\"200\" frameborder=\"0\" scrolling=\"no\" allowfullscreen=\"allowfullscreen\"><\/iframe><\/p>\n","protected":false},"excerpt":{"rendered":"<p>Jorge Rizzo, titular del Colegio de Abogados y amigo del operador judicial Daniel Angelici, fue detenido por desenvainar un rev\u00f3lver en plena calle contra un hombre. El presidente del Colegio de Abogados de Capital Federal, Jorge Rizzo, fue detenido tras desenvainar un arma contra una persona en pleno centro porte\u00f1o. El letrado, vinculado al PRO&hellip;<\/p>\n","protected":false},"author":1,"featured_media":0,"comment_status":"open","ping_status":"open","sticky":false,"template":"","format":"standard","meta":{"footnotes":""},"categories":[6],"tags":[331,10822,6563,175,759,5359,328,1212],"class_list":["post-61112","post","type-post","status-publish","format-standard","hentry","category-denuncias","tag-amenazas","tag-colegio-publico-de-abogados-de-la-capital-federal","tag-daniel-angelici","tag-denuncia","tag-jorge-rizzo","tag-motociclista","tag-pro","tag-revolver"],"_links":{"self":[{"href":"https:\/\/www.elsindical.com.ar\/notas\/wp-json\/wp\/v2\/posts\/61112","targetHints":{"allow":["GET"]}}],"collection":[{"href":"https:\/\/www.elsindical.com.ar\/notas\/wp-json\/wp\/v2\/posts"}],"about":[{"href":"https:\/\/www.elsindical.com.ar\/notas\/wp-json\/wp\/v2\/types\/post"}],"author":[{"embeddable":true,"href":"https:\/\/www.elsindical.com.ar\/notas\/wp-json\/wp\/v2\/users\/1"}],"replies":[{"embeddable":true,"href":"https:\/\/www.elsindical.com.ar\/notas\/wp-json\/wp\/v2\/comments?post=61112"}],"version-history":[{"count":1,"href":"https:\/\/www.elsindical.com.ar\/notas\/wp-json\/wp\/v2\/posts\/61112\/revisions"}],"predecessor-version":[{"id":61114,"href":"https:\/\/www.elsindical.com.ar\/notas\/wp-json\/wp\/v2\/posts\/61112\/revisions\/61114"}],"wp:attachment":[{"href":"https:\/\/www.elsindical.com.ar\/notas\/wp-json\/wp\/v2\/media?parent=61112"}],"wp:term":[{"taxonomy":"category","embeddable":true,"href":"https:\/\/www.elsindical.com.ar\/notas\/wp-json\/wp\/v2\/categories?post=61112"},{"taxonomy":"post_tag","embeddable":true,"href":"https:\/\/www.elsindical.com.ar\/notas\/wp-json\/wp\/v2\/tags?post=61112"}],"curies":[{"name":"wp","href":"https:\/\/api.w.org\/{rel}","templated":true}]}}