{"id":61090,"date":"2016-07-29T13:42:18","date_gmt":"2016-07-29T16:42:18","guid":{"rendered":"http:\/\/www.elsindical.com.ar\/notas\/?p=61090"},"modified":"2016-07-29T13:42:18","modified_gmt":"2016-07-29T16:42:18","slug":"luly-drozdek-si-estoy-una-semana-sin-sexo-me-muero","status":"publish","type":"post","link":"https:\/\/www.elsindical.com.ar\/notas\/luly-drozdek-si-estoy-una-semana-sin-sexo-me-muero\/","title":{"rendered":"Luly Drozdek: \u00abSi estoy una semana sin sexo me muero\u00bb"},"content":{"rendered":"<p><em><a href=\"http:\/\/www.elsindical.com.ar\/notas\/var\/www\/html\/notas\/wp-content\/uploads\/2016\/07\/Luly-Drozdek-1.jpg\"><img loading=\"lazy\" decoding=\"async\" class=\"alignnone size-medium wp-image-61093\" src=\"http:\/\/www.elsindical.com.ar\/notas\/var\/www\/html\/notas\/wp-content\/uploads\/2016\/07\/Luly-Drozdek-1-300x181.jpg\" alt=\"Luly-Drozdek-1\" width=\"300\" height=\"181\" srcset=\"https:\/\/www.elsindical.com.ar\/notas\/var\/www\/html\/notas\/wp-content\/uploads\/2016\/07\/Luly-Drozdek-1-300x181.jpg 300w, https:\/\/www.elsindical.com.ar\/notas\/var\/www\/html\/notas\/wp-content\/uploads\/2016\/07\/Luly-Drozdek-1-498x300.jpg 498w, https:\/\/www.elsindical.com.ar\/notas\/var\/www\/html\/notas\/wp-content\/uploads\/2016\/07\/Luly-Drozdek-1.jpg 738w\" sizes=\"auto, (max-width: 300px) 100vw, 300px\" \/><\/a>\u00a0 La modelo y actriz que muestra su espectacular figura en La Peluquer\u00eda de Don Mateo hizo esta confesi\u00f3n hot en una entrevista. \u00abSino tarjeta roja\u00bb, afirm\u00f3.<\/em><\/p>\n<p>Luly Drozdek, quien est\u00e1 muy enamorada de su pareja, Hern\u00e1n Nisenbaum, hizo la confesi\u00f3n hot. \u201cNos conocimos, pegamos s\u00faper buena onda de entrada, somos muy parecidos en un mont\u00f3n de cosas\u201d, asegur\u00f3.<\/p>\n<p>En ese sentido, cont\u00f3 cu\u00e1les son sus exigencias a la hora del sexo: \u201cPor lo menos, mi novio tiene que marcar tarjeta una vez por semana, sino tarjeta roja\u201d, dispar\u00f3 Luly.<\/p>\n<p><a href=\"http:\/\/www.elsindical.com.ar\/notas\/var\/www\/html\/notas\/wp-content\/uploads\/2016\/07\/Luly-Drozdek-7.jpg\"><img loading=\"lazy\" decoding=\"async\" class=\"alignnone size-medium wp-image-61097\" src=\"http:\/\/www.elsindical.com.ar\/notas\/var\/www\/html\/notas\/wp-content\/uploads\/2016\/07\/Luly-Drozdek-7-206x300.jpg\" alt=\"Luly-Drozdek-7\" width=\"206\" height=\"300\" srcset=\"https:\/\/www.elsindical.com.ar\/notas\/var\/www\/html\/notas\/wp-content\/uploads\/2016\/07\/Luly-Drozdek-7-206x300.jpg 206w, https:\/\/www.elsindical.com.ar\/notas\/var\/www\/html\/notas\/wp-content\/uploads\/2016\/07\/Luly-Drozdek-7-703x1024.jpg 703w, https:\/\/www.elsindical.com.ar\/notas\/var\/www\/html\/notas\/wp-content\/uploads\/2016\/07\/Luly-Drozdek-7.jpg 738w\" sizes=\"auto, (max-width: 206px) 100vw, 206px\" \/><\/a> <a href=\"http:\/\/www.elsindical.com.ar\/notas\/var\/www\/html\/notas\/wp-content\/uploads\/2016\/07\/Luly-Drozdek-6.jpg\"><img loading=\"lazy\" decoding=\"async\" class=\"alignnone size-medium wp-image-61091\" src=\"http:\/\/www.elsindical.com.ar\/notas\/var\/www\/html\/notas\/wp-content\/uploads\/2016\/07\/Luly-Drozdek-6-300x190.jpg\" alt=\"Luly-Drozdek-6\" width=\"300\" height=\"190\" srcset=\"https:\/\/www.elsindical.com.ar\/notas\/var\/www\/html\/notas\/wp-content\/uploads\/2016\/07\/Luly-Drozdek-6-300x190.jpg 300w, https:\/\/www.elsindical.com.ar\/notas\/var\/www\/html\/notas\/wp-content\/uploads\/2016\/07\/Luly-Drozdek-6-474x300.jpg 474w, https:\/\/www.elsindical.com.ar\/notas\/var\/www\/html\/notas\/wp-content\/uploads\/2016\/07\/Luly-Drozdek-6.jpg 738w\" sizes=\"auto, (max-width: 300px) 100vw, 300px\" \/><\/a> <a href=\"http:\/\/www.elsindical.com.ar\/notas\/var\/www\/html\/notas\/wp-content\/uploads\/2016\/07\/Luly-Drozdek-5.jpg\"><img loading=\"lazy\" decoding=\"async\" class=\"alignnone size-medium wp-image-61096\" src=\"http:\/\/www.elsindical.com.ar\/notas\/var\/www\/html\/notas\/wp-content\/uploads\/2016\/07\/Luly-Drozdek-5-200x300.jpg\" alt=\"Luly-Drozdek-5\" width=\"200\" height=\"300\" srcset=\"https:\/\/www.elsindical.com.ar\/notas\/var\/www\/html\/notas\/wp-content\/uploads\/2016\/07\/Luly-Drozdek-5-200x300.jpg 200w, https:\/\/www.elsindical.com.ar\/notas\/var\/www\/html\/notas\/wp-content\/uploads\/2016\/07\/Luly-Drozdek-5-682x1024.jpg 682w, https:\/\/www.elsindical.com.ar\/notas\/var\/www\/html\/notas\/wp-content\/uploads\/2016\/07\/Luly-Drozdek-5.jpg 738w\" sizes=\"auto, (max-width: 200px) 100vw, 200px\" \/><\/a> <a href=\"http:\/\/www.elsindical.com.ar\/notas\/var\/www\/html\/notas\/wp-content\/uploads\/2016\/07\/Luly-Drozdek-3.jpg\"><img loading=\"lazy\" decoding=\"async\" class=\"alignnone size-medium wp-image-61095\" src=\"http:\/\/www.elsindical.com.ar\/notas\/var\/www\/html\/notas\/wp-content\/uploads\/2016\/07\/Luly-Drozdek-3-300x209.jpg\" alt=\"Luly-Drozdek-3\" width=\"300\" height=\"209\" srcset=\"https:\/\/www.elsindical.com.ar\/notas\/var\/www\/html\/notas\/wp-content\/uploads\/2016\/07\/Luly-Drozdek-3-300x209.jpg 300w, https:\/\/www.elsindical.com.ar\/notas\/var\/www\/html\/notas\/wp-content\/uploads\/2016\/07\/Luly-Drozdek-3-430x300.jpg 430w, https:\/\/www.elsindical.com.ar\/notas\/var\/www\/html\/notas\/wp-content\/uploads\/2016\/07\/Luly-Drozdek-3.jpg 738w\" sizes=\"auto, (max-width: 300px) 100vw, 300px\" \/><\/a> <a href=\"http:\/\/www.elsindical.com.ar\/notas\/var\/www\/html\/notas\/wp-content\/uploads\/2016\/07\/Luly-Drozdek-2.jpg\"><img loading=\"lazy\" decoding=\"async\" class=\"alignnone size-medium wp-image-61094\" src=\"http:\/\/www.elsindical.com.ar\/notas\/var\/www\/html\/notas\/wp-content\/uploads\/2016\/07\/Luly-Drozdek-2-300x215.jpg\" alt=\"Luly-Drozdek-2\" width=\"300\" height=\"215\" srcset=\"https:\/\/www.elsindical.com.ar\/notas\/var\/www\/html\/notas\/wp-content\/uploads\/2016\/07\/Luly-Drozdek-2-300x215.jpg 300w, https:\/\/www.elsindical.com.ar\/notas\/var\/www\/html\/notas\/wp-content\/uploads\/2016\/07\/Luly-Drozdek-2-418x300.jpg 418w, https:\/\/www.elsindical.com.ar\/notas\/var\/www\/html\/notas\/wp-content\/uploads\/2016\/07\/Luly-Drozdek-2.jpg 738w\" sizes=\"auto, (max-width: 300px) 100vw, 300px\" \/><\/a> <a href=\"http:\/\/www.elsindical.com.ar\/notas\/var\/www\/html\/notas\/wp-content\/uploads\/2016\/07\/Luly-Drozdek-4.jpg\"><img loading=\"lazy\" decoding=\"async\" class=\"alignnone size-medium wp-image-61092\" src=\"http:\/\/www.elsindical.com.ar\/notas\/var\/www\/html\/notas\/wp-content\/uploads\/2016\/07\/Luly-Drozdek-4-189x300.jpg\" alt=\"Luly-Drozdek-4\" width=\"189\" height=\"300\" srcset=\"https:\/\/www.elsindical.com.ar\/notas\/var\/www\/html\/notas\/wp-content\/uploads\/2016\/07\/Luly-Drozdek-4-189x300.jpg 189w, https:\/\/www.elsindical.com.ar\/notas\/var\/www\/html\/notas\/wp-content\/uploads\/2016\/07\/Luly-Drozdek-4-646x1024.jpg 646w, https:\/\/www.elsindical.com.ar\/notas\/var\/www\/html\/notas\/wp-content\/uploads\/2016\/07\/Luly-Drozdek-4.jpg 738w\" sizes=\"auto, (max-width: 189px) 100vw, 189px\" \/><\/a><\/p>\n","protected":false},"excerpt":{"rendered":"<p>\u00a0 La modelo y actriz que muestra su espectacular figura en La Peluquer\u00eda de Don Mateo hizo esta confesi\u00f3n hot en una entrevista. \u00abSino tarjeta roja\u00bb, afirm\u00f3. Luly Drozdek, quien est\u00e1 muy enamorada de su pareja, Hern\u00e1n Nisenbaum, hizo la confesi\u00f3n hot. \u201cNos conocimos, pegamos s\u00faper buena onda de entrada, somos muy parecidos en un&hellip;<\/p>\n","protected":false},"author":1,"featured_media":0,"comment_status":"open","ping_status":"open","sticky":false,"template":"","format":"standard","meta":{"footnotes":""},"categories":[15],"tags":[1507,2006,7767,24066,533,241],"class_list":["post-61090","post","type-post","status-publish","format-standard","hentry","category-espectaculos","tag-actriz","tag-bailarina","tag-deseo","tag-luly-drozdek","tag-modelo","tag-sexo"],"_links":{"self":[{"href":"https:\/\/www.elsindical.com.ar\/notas\/wp-json\/wp\/v2\/posts\/61090","targetHints":{"allow":["GET"]}}],"collection":[{"href":"https:\/\/www.elsindical.com.ar\/notas\/wp-json\/wp\/v2\/posts"}],"about":[{"href":"https:\/\/www.elsindical.com.ar\/notas\/wp-json\/wp\/v2\/types\/post"}],"author":[{"embeddable":true,"href":"https:\/\/www.elsindical.com.ar\/notas\/wp-json\/wp\/v2\/users\/1"}],"replies":[{"embeddable":true,"href":"https:\/\/www.elsindical.com.ar\/notas\/wp-json\/wp\/v2\/comments?post=61090"}],"version-history":[{"count":1,"href":"https:\/\/www.elsindical.com.ar\/notas\/wp-json\/wp\/v2\/posts\/61090\/revisions"}],"predecessor-version":[{"id":61098,"href":"https:\/\/www.elsindical.com.ar\/notas\/wp-json\/wp\/v2\/posts\/61090\/revisions\/61098"}],"wp:attachment":[{"href":"https:\/\/www.elsindical.com.ar\/notas\/wp-json\/wp\/v2\/media?parent=61090"}],"wp:term":[{"taxonomy":"category","embeddable":true,"href":"https:\/\/www.elsindical.com.ar\/notas\/wp-json\/wp\/v2\/categories?post=61090"},{"taxonomy":"post_tag","embeddable":true,"href":"https:\/\/www.elsindical.com.ar\/notas\/wp-json\/wp\/v2\/tags?post=61090"}],"curies":[{"name":"wp","href":"https:\/\/api.w.org\/{rel}","templated":true}]}}