{"id":61086,"date":"2016-07-29T12:45:16","date_gmt":"2016-07-29T15:45:16","guid":{"rendered":"http:\/\/www.elsindical.com.ar\/notas\/?p=61086"},"modified":"2016-07-29T12:45:16","modified_gmt":"2016-07-29T15:45:16","slug":"gremios-impulsan-a-palazzo-como-unico-lider-de-la-nueva-cgt","status":"publish","type":"post","link":"https:\/\/www.elsindical.com.ar\/notas\/gremios-impulsan-a-palazzo-como-unico-lider-de-la-nueva-cgt\/","title":{"rendered":"Gremios impulsan a Palazzo como \u00fanico l\u00edder de la nueva CGT"},"content":{"rendered":"<p><em><a href=\"http:\/\/www.elsindical.com.ar\/notas\/var\/www\/html\/notas\/wp-content\/uploads\/2016\/07\/Sergio-Palazzo-a-la-CGT.jpg\"><img loading=\"lazy\" decoding=\"async\" class=\"alignnone size-medium wp-image-61088\" src=\"http:\/\/www.elsindical.com.ar\/notas\/var\/www\/html\/notas\/wp-content\/uploads\/2016\/07\/Sergio-Palazzo-a-la-CGT-300x176.jpg\" alt=\"Sergio-Palazzo-a-la-CGT\" width=\"300\" height=\"176\" srcset=\"https:\/\/www.elsindical.com.ar\/notas\/var\/www\/html\/notas\/wp-content\/uploads\/2016\/07\/Sergio-Palazzo-a-la-CGT-300x176.jpg 300w, https:\/\/www.elsindical.com.ar\/notas\/var\/www\/html\/notas\/wp-content\/uploads\/2016\/07\/Sergio-Palazzo-a-la-CGT-500x294.jpg 500w, https:\/\/www.elsindical.com.ar\/notas\/var\/www\/html\/notas\/wp-content\/uploads\/2016\/07\/Sergio-Palazzo-a-la-CGT.jpg 620w\" sizes=\"auto, (max-width: 300px) 100vw, 300px\" \/><\/a>\u00a0 Organizaciones de la Corriente Federal y el MTA respaldaron al titular de La Bancaria para conducir la renovada central obrera a partir del 22 de agosto.<\/em><\/p>\n<p>Una treintena de gremios enrolados en la Corriente Sindical Federal, el N\u00facleo del Movimiento de Trabajadores Argentinos (MTA) y varias delegaciones regionales de la CGT ratificaron la candidatura del jefe de la Asociaci\u00f3n Bancaria (ABH), <strong>Sergio Palazzo<\/strong>, a la secretar\u00eda general de la central obrera y exigieron la adopci\u00f3n de un programa de lucha.<\/p>\n<p>\u00ab<strong>No queremos una CGT negociadora<\/strong> o como ha dicho alg\u00fan dirigente que hay que darle tiempo para ver lo que se viene. Nosotros sabemos que lo que se viene es la destrucci\u00f3n de un proyecto de pa\u00eds que defendemos nosotros, que ha defendido hist\u00f3ricamente el movimiento obrero\u00bb, se\u00f1al\u00f3<strong> H\u00e9ctor Amichetti<\/strong>, secretario general del sindicato Federaci\u00f3n Gr\u00e1fica Bonaerense.<\/p>\n<p>Reunidos en el sindicato de empleados de farmacia, los dirigentes sindicales se expresaron en contra del triunvirato planteado por \u00abla mesa chica de la CGT\u00bb y la necesidad de actualizar un programa del movimiento obrero, entre los principales temas planteados.<\/p>\n<p>Amichetti sostuvo que \u00ab<strong>hay que salir a defender los derechos de los trabajadores<\/strong>. Hoy tenemos despedidos, empresas que est\u00e1n a punto de cerrar por los tarifazos. Hoy tenemos la concentraci\u00f3n de multinacionales que vienen a destruir a las PyMES. Esto ya est\u00e1 planteado. Por lo tanto nosotros necesitamos un instrumento que es la CGT que unifique a todo el movimiento obrero confrontando a este proyecto abiertamente\u00bb.<\/p>\n<p>Tras rechazar la f\u00f3rmula del triunvirato que componen Juan Carlos Schmid (Dragado y Balizamiento), H\u00e9ctor Daer (Sanidad) y Carlos Acu\u00f1a (Estaciones de Servicio), el dirigente sindical dej\u00f3 muy claro que el candidato del espacio es el bancario Sergio Palazzo, \u00abun compa\u00f1ero que unifica, no solamente hacia dentro de la CGT\u00bb.<\/p>\n","protected":false},"excerpt":{"rendered":"<p>\u00a0 Organizaciones de la Corriente Federal y el MTA respaldaron al titular de La Bancaria para conducir la renovada central obrera a partir del 22 de agosto. Una treintena de gremios enrolados en la Corriente Sindical Federal, el N\u00facleo del Movimiento de Trabajadores Argentinos (MTA) y varias delegaciones regionales de la CGT ratificaron la candidatura&hellip;<\/p>\n","protected":false},"author":1,"featured_media":0,"comment_status":"open","ping_status":"open","sticky":false,"template":"","format":"standard","meta":{"footnotes":""},"categories":[16],"tags":[24065,910,23949,6484],"class_list":["post-61086","post","type-post","status-publish","format-standard","hentry","category-gremiales","tag-abh","tag-cgt","tag-mta","tag-sergio-palazzo"],"_links":{"self":[{"href":"https:\/\/www.elsindical.com.ar\/notas\/wp-json\/wp\/v2\/posts\/61086","targetHints":{"allow":["GET"]}}],"collection":[{"href":"https:\/\/www.elsindical.com.ar\/notas\/wp-json\/wp\/v2\/posts"}],"about":[{"href":"https:\/\/www.elsindical.com.ar\/notas\/wp-json\/wp\/v2\/types\/post"}],"author":[{"embeddable":true,"href":"https:\/\/www.elsindical.com.ar\/notas\/wp-json\/wp\/v2\/users\/1"}],"replies":[{"embeddable":true,"href":"https:\/\/www.elsindical.com.ar\/notas\/wp-json\/wp\/v2\/comments?post=61086"}],"version-history":[{"count":2,"href":"https:\/\/www.elsindical.com.ar\/notas\/wp-json\/wp\/v2\/posts\/61086\/revisions"}],"predecessor-version":[{"id":61089,"href":"https:\/\/www.elsindical.com.ar\/notas\/wp-json\/wp\/v2\/posts\/61086\/revisions\/61089"}],"wp:attachment":[{"href":"https:\/\/www.elsindical.com.ar\/notas\/wp-json\/wp\/v2\/media?parent=61086"}],"wp:term":[{"taxonomy":"category","embeddable":true,"href":"https:\/\/www.elsindical.com.ar\/notas\/wp-json\/wp\/v2\/categories?post=61086"},{"taxonomy":"post_tag","embeddable":true,"href":"https:\/\/www.elsindical.com.ar\/notas\/wp-json\/wp\/v2\/tags?post=61086"}],"curies":[{"name":"wp","href":"https:\/\/api.w.org\/{rel}","templated":true}]}}