{"id":61063,"date":"2016-07-28T18:03:21","date_gmt":"2016-07-28T21:03:21","guid":{"rendered":"http:\/\/www.elsindical.com.ar\/notas\/?p=61063"},"modified":"2016-07-28T18:03:21","modified_gmt":"2016-07-28T21:03:21","slug":"exigen-que-vidal-cumpla-con-el-cupo-laboral-para-personas-con-discapacidad","status":"publish","type":"post","link":"https:\/\/www.elsindical.com.ar\/notas\/exigen-que-vidal-cumpla-con-el-cupo-laboral-para-personas-con-discapacidad\/","title":{"rendered":"Exigen que Vidal cumpla con el cupo laboral para personas con discapacidad"},"content":{"rendered":"<p class=\"copete\"><em>\u00a0<a href=\"http:\/\/www.elsindical.com.ar\/notas\/var\/www\/html\/notas\/wp-content\/uploads\/2016\/06\/Vidal-Sonriente.jpg\"><img loading=\"lazy\" decoding=\"async\" class=\"alignnone size-medium wp-image-60211\" src=\"http:\/\/www.elsindical.com.ar\/notas\/var\/www\/html\/notas\/wp-content\/uploads\/2016\/06\/Vidal-Sonriente-300x169.jpg\" alt=\"Vidal-Sonriente\" width=\"300\" height=\"169\" srcset=\"https:\/\/www.elsindical.com.ar\/notas\/var\/www\/html\/notas\/wp-content\/uploads\/2016\/06\/Vidal-Sonriente-300x169.jpg 300w, https:\/\/www.elsindical.com.ar\/notas\/var\/www\/html\/notas\/wp-content\/uploads\/2016\/06\/Vidal-Sonriente-500x282.jpg 500w, https:\/\/www.elsindical.com.ar\/notas\/var\/www\/html\/notas\/wp-content\/uploads\/2016\/06\/Vidal-Sonriente.jpg 531w\" sizes=\"auto, (max-width: 300px) 100vw, 300px\" \/><\/a> Entidades civiles junto a la diputada Troiano pidieron una audiencia en Gobernaci\u00f3n. Sin respuestas. La administraci\u00f3n bonaerense no llega al 1% de cobertura en este aspecto.<\/em><\/p>\n<p>Asociaciones civiles junto con la diputada nacional del socialismo, Gabriela Troiano, se hicieron presentes este martes en la Gobernaci\u00f3n bonaerense para solicitar una audiencia con la mandataria provincial, Mar\u00eda Eugenia Vidal, a los efectos de exigir el cumplimiento de la Ley Provincial 10.591 y la Ley Nacional 22.431 que establecen que en la administraci\u00f3n p\u00fablica se debe destinar un cupo m\u00ednimo de 4% para personas con discapacidad. Aunque la nota fue recibida en mesa de entradas, ning\u00fan funcionario recibi\u00f3 a la comitiva.<\/p>\n<p>En di\u00e1logo con Letra P, la diputada Troiano remarc\u00f3 que el pedido de audiencia surge tras el decreto 618 firmado por la gobernadora que suspende por un a\u00f1o las designaciones en la administraci\u00f3n p\u00fablica provincial. \u201cPedimos que se except\u00fae a las personas con discapacidad\u201d, se\u00f1al\u00f3 la legisladora, al tiempo que remarc\u00f3 que, en promedio, la Provincia cuenta s\u00f3lo con el 0,89% de personas con discapacidad dentro del total de su planta permanente.<\/p>\n<p>\u201cHace diez d\u00edas, la Comisi\u00f3n de Derechos Humanos de Naciones Unidas hizo un informe de la situaci\u00f3n argentina en la materia y en discapacidad plantea que somos un pa\u00eds con mucha legislaci\u00f3n de avanzada pero que no cumple con el cupo laboral, el cual es importante para la inclusi\u00f3n\u201d, advirti\u00f3 Troiano.<\/p>\n<p>M\u00e1s all\u00e1 de que la nota con el pedido de audiencia fue recepcionada, la legisladora socialista advirti\u00f3 que ning\u00fan funcionario bonaerense se acerc\u00f3 a dialogar con la comitiva. Asimismo, record\u00f3: \u201cNi bien asumieron, le ped\u00ed una entrevista (a la gobernadora), ya ped\u00ed tres o cuatro, para conocer cu\u00e1l es el plan para llegar al 4%, porque es un eje del trabajo que se plante\u00f3\u201d.<\/p>\n<p>Entre las entidades que se hicieron presentes este martes en Gobernaci\u00f3n, estuvieron el Observatorio de Discapacidad de la Naci\u00f3n, su par de La Plata, la Asociaci\u00f3n de Sordomudos de la capital provincial, la Asociaci\u00f3n Azul y el Centro de Estudios S\u00e1nchez Viamonte.<\/p>\n<p>&nbsp;<\/p>\n<p>Fuente: LetraP<\/p>\n","protected":false},"excerpt":{"rendered":"<p>\u00a0 Entidades civiles junto a la diputada Troiano pidieron una audiencia en Gobernaci\u00f3n. Sin respuestas. La administraci\u00f3n bonaerense no llega al 1% de cobertura en este aspecto. Asociaciones civiles junto con la diputada nacional del socialismo, Gabriela Troiano, se hicieron presentes este martes en la Gobernaci\u00f3n bonaerense para solicitar una audiencia con la mandataria provincial,&hellip;<\/p>\n","protected":false},"author":1,"featured_media":0,"comment_status":"open","ping_status":"open","sticky":false,"template":"","format":"standard","meta":{"footnotes":""},"categories":[13],"tags":[24053,24052,4751,24055,24054],"class_list":["post-61063","post","type-post","status-publish","format-standard","hentry","category-politica","tag-cupo-personas-con-discapacidad","tag-diputada-gabriela-troiano","tag-gobernacion","tag-ley-nacional-22-431","tag-ley-provincial-10-591"],"_links":{"self":[{"href":"https:\/\/www.elsindical.com.ar\/notas\/wp-json\/wp\/v2\/posts\/61063","targetHints":{"allow":["GET"]}}],"collection":[{"href":"https:\/\/www.elsindical.com.ar\/notas\/wp-json\/wp\/v2\/posts"}],"about":[{"href":"https:\/\/www.elsindical.com.ar\/notas\/wp-json\/wp\/v2\/types\/post"}],"author":[{"embeddable":true,"href":"https:\/\/www.elsindical.com.ar\/notas\/wp-json\/wp\/v2\/users\/1"}],"replies":[{"embeddable":true,"href":"https:\/\/www.elsindical.com.ar\/notas\/wp-json\/wp\/v2\/comments?post=61063"}],"version-history":[{"count":1,"href":"https:\/\/www.elsindical.com.ar\/notas\/wp-json\/wp\/v2\/posts\/61063\/revisions"}],"predecessor-version":[{"id":61064,"href":"https:\/\/www.elsindical.com.ar\/notas\/wp-json\/wp\/v2\/posts\/61063\/revisions\/61064"}],"wp:attachment":[{"href":"https:\/\/www.elsindical.com.ar\/notas\/wp-json\/wp\/v2\/media?parent=61063"}],"wp:term":[{"taxonomy":"category","embeddable":true,"href":"https:\/\/www.elsindical.com.ar\/notas\/wp-json\/wp\/v2\/categories?post=61063"},{"taxonomy":"post_tag","embeddable":true,"href":"https:\/\/www.elsindical.com.ar\/notas\/wp-json\/wp\/v2\/tags?post=61063"}],"curies":[{"name":"wp","href":"https:\/\/api.w.org\/{rel}","templated":true}]}}