{"id":61054,"date":"2016-07-28T17:02:29","date_gmt":"2016-07-28T20:02:29","guid":{"rendered":"http:\/\/www.elsindical.com.ar\/notas\/?p=61054"},"modified":"2016-07-28T17:02:29","modified_gmt":"2016-07-28T20:02:29","slug":"la-matanza-arrojan-cadaver-calcinado-de-auto-en-movimiento","status":"publish","type":"post","link":"https:\/\/www.elsindical.com.ar\/notas\/la-matanza-arrojan-cadaver-calcinado-de-auto-en-movimiento\/","title":{"rendered":"La Matanza: Arrojan cad\u00e1ver calcinado de auto en movimiento"},"content":{"rendered":"<p><em><a href=\"http:\/\/www.elsindical.com.ar\/notas\/var\/www\/html\/notas\/wp-content\/uploads\/2016\/07\/cad\u00e1ver-arrojado.jpg\"><img loading=\"lazy\" decoding=\"async\" class=\"alignnone size-medium wp-image-61055\" src=\"http:\/\/www.elsindical.com.ar\/notas\/var\/www\/html\/notas\/wp-content\/uploads\/2016\/07\/cad\u00e1ver-arrojado-300x194.jpg\" alt=\"cad\u00e1ver-arrojado\" width=\"300\" height=\"194\" srcset=\"https:\/\/www.elsindical.com.ar\/notas\/var\/www\/html\/notas\/wp-content\/uploads\/2016\/07\/cad\u00e1ver-arrojado-300x194.jpg 300w, https:\/\/www.elsindical.com.ar\/notas\/var\/www\/html\/notas\/wp-content\/uploads\/2016\/07\/cad\u00e1ver-arrojado-464x300.jpg 464w, https:\/\/www.elsindical.com.ar\/notas\/var\/www\/html\/notas\/wp-content\/uploads\/2016\/07\/cad\u00e1ver-arrojado.jpg 531w\" sizes=\"auto, (max-width: 300px) 100vw, 300px\" \/><\/a>\u00a0 El macabro hecho ocurri\u00f3 en la localidad bonaerense de Virrey del Pino, a la altura del\u00a0kil\u00f3metro 39 de la ruta 3. Desconocidos descartaron el cuerpo quemado de un hombre de unos 30 a\u00f1os y escaparon. El veh\u00edculo utilizado fue hallado a algunas cuadras del lugar.<\/em><\/p>\n<p>El cad\u00e1ver de un hombre quemado fue arrojado desde un auto en movimiento en la localidad bonaerense de Virrey del Pino, y los investigadores procuraban\u00a0identificarlo, informaron fuentes policiales.<\/p>\n<p>El cuerpo fue encontrado el mi\u00e9rcoles a la\u00a0noche en la calle Emilio S\u00e1nchez, a tres\u00a0cuadras del kil\u00f3metro 39 de la ruta 3, en el mencionado distrito del partido de La Matanza.<\/p>\n<p>Fuentes judiciales informaron que personal de la comisar\u00eda de Virrey del Pino fue alertado debido a que un vecino hall\u00f3 el cad\u00e1ver de un hombre.\u00a0Al llegar al lugar los efectivos constataron que la v\u00edctima, de unos 30 a\u00f1os, hab\u00eda sido prendida fuego y hab\u00eda muerto hac\u00eda unas horas.<\/p>\n<p>Seg\u00fan las fuentes, el personal policial encontr\u00f3 a unos kil\u00f3metros del lugar un auto quemado y sin patente, por lo que los investigadores sospechan que fue el veh\u00edculo utilizado para arrojar al hombre.<\/p>\n<p>Los pesquisas aguardaban esta tarde el resultado de la autopsia para determinar las causas y la data de la muerte como tambi\u00e9n su identificaci\u00f3n.<\/p>\n<p>Un vocero encargado de la investigaci\u00f3n dijo que el primer m\u00e9dico que inspeccion\u00f3 el cad\u00e1ver cree que cuando lo arrojaron desde el auto ya estaba muerto.<\/p>\n<p>El hecho es investigado por el Fiscal <strong>Carlos Arribas<\/strong>, a cargo de la Unidad Funcional de Instrucci\u00f3n (UFI) Tem\u00e1tica Homicidios del Departamento Judicial La Matanza.<\/p>\n","protected":false},"excerpt":{"rendered":"<p>\u00a0 El macabro hecho ocurri\u00f3 en la localidad bonaerense de Virrey del Pino, a la altura del\u00a0kil\u00f3metro 39 de la ruta 3. Desconocidos descartaron el cuerpo quemado de un hombre de unos 30 a\u00f1os y escaparon. El veh\u00edculo utilizado fue hallado a algunas cuadras del lugar. El cad\u00e1ver de un hombre quemado fue arrojado desde&hellip;<\/p>\n","protected":false},"author":1,"featured_media":0,"comment_status":"open","ping_status":"open","sticky":false,"template":"","format":"standard","meta":{"footnotes":""},"categories":[22],"tags":[2409,22785,1401,6949],"class_list":["post-61054","post","type-post","status-publish","format-standard","hentry","category-policiales","tag-cadaver","tag-fiscal-carlos-arribas","tag-la-matanza","tag-virrey-del-pino"],"_links":{"self":[{"href":"https:\/\/www.elsindical.com.ar\/notas\/wp-json\/wp\/v2\/posts\/61054","targetHints":{"allow":["GET"]}}],"collection":[{"href":"https:\/\/www.elsindical.com.ar\/notas\/wp-json\/wp\/v2\/posts"}],"about":[{"href":"https:\/\/www.elsindical.com.ar\/notas\/wp-json\/wp\/v2\/types\/post"}],"author":[{"embeddable":true,"href":"https:\/\/www.elsindical.com.ar\/notas\/wp-json\/wp\/v2\/users\/1"}],"replies":[{"embeddable":true,"href":"https:\/\/www.elsindical.com.ar\/notas\/wp-json\/wp\/v2\/comments?post=61054"}],"version-history":[{"count":1,"href":"https:\/\/www.elsindical.com.ar\/notas\/wp-json\/wp\/v2\/posts\/61054\/revisions"}],"predecessor-version":[{"id":61056,"href":"https:\/\/www.elsindical.com.ar\/notas\/wp-json\/wp\/v2\/posts\/61054\/revisions\/61056"}],"wp:attachment":[{"href":"https:\/\/www.elsindical.com.ar\/notas\/wp-json\/wp\/v2\/media?parent=61054"}],"wp:term":[{"taxonomy":"category","embeddable":true,"href":"https:\/\/www.elsindical.com.ar\/notas\/wp-json\/wp\/v2\/categories?post=61054"},{"taxonomy":"post_tag","embeddable":true,"href":"https:\/\/www.elsindical.com.ar\/notas\/wp-json\/wp\/v2\/tags?post=61054"}],"curies":[{"name":"wp","href":"https:\/\/api.w.org\/{rel}","templated":true}]}}