{"id":61045,"date":"2016-07-28T14:52:00","date_gmt":"2016-07-28T17:52:00","guid":{"rendered":"http:\/\/www.elsindical.com.ar\/notas\/?p=61045"},"modified":"2016-07-28T14:52:00","modified_gmt":"2016-07-28T17:52:00","slug":"jubilados-podran-chequear-esta-tarde-si-tendran-un-reajuste","status":"publish","type":"post","link":"https:\/\/www.elsindical.com.ar\/notas\/jubilados-podran-chequear-esta-tarde-si-tendran-un-reajuste\/","title":{"rendered":"Jubilados podr\u00e1n chequear esta tarde si tendr\u00e1n un reajuste"},"content":{"rendered":"<p><em><a href=\"http:\/\/www.elsindical.com.ar\/notas\/var\/www\/html\/notas\/wp-content\/uploads\/2016\/07\/actualizaci\u00f3n-Web-ANSES-2016.jpg\"><img loading=\"lazy\" decoding=\"async\" class=\"alignnone size-medium wp-image-61046\" src=\"http:\/\/www.elsindical.com.ar\/notas\/var\/www\/html\/notas\/wp-content\/uploads\/2016\/07\/actualizaci\u00f3n-Web-ANSES-2016-300x185.jpg\" alt=\"actualizaci\u00f3n-Web-ANSES-2016\" width=\"300\" height=\"185\" srcset=\"https:\/\/www.elsindical.com.ar\/notas\/var\/www\/html\/notas\/wp-content\/uploads\/2016\/07\/actualizaci\u00f3n-Web-ANSES-2016-300x185.jpg 300w, https:\/\/www.elsindical.com.ar\/notas\/var\/www\/html\/notas\/wp-content\/uploads\/2016\/07\/actualizaci\u00f3n-Web-ANSES-2016-486x300.jpg 486w, https:\/\/www.elsindical.com.ar\/notas\/var\/www\/html\/notas\/wp-content\/uploads\/2016\/07\/actualizaci\u00f3n-Web-ANSES-2016.jpg 620w\" sizes=\"auto, (max-width: 300px) 100vw, 300px\" \/><\/a>\u00a0 La ANSES actualizar\u00e1 <strong>a partir del mediod\u00eda<\/strong> su p\u00e1gina web para que por medio de su &#8216;clave de la seguridad social&#8217; se pueda visualizar, en pantalla, si tienen derecho o no a cobrarla.\u00a0\u00a0\u00a0\u00a0\u00a0<\/em><\/p>\n<p>El Gobierno reglament\u00f3 la ley de \u00abreparaci\u00f3n hist\u00f3rica\u00bb que autoriza el pago de sentencias judiciales a los jubilados, los que ya pueden hacer consultas para saber a qui\u00e9nes le corresponde la actualizaci\u00f3n de sus haberes.<\/p>\n<p>Seg\u00fan el decreto 894\/2016 publicado hoy en el Bolet\u00edn Oficial, a partir de este mediod\u00eda la ANSES actualizar\u00e1 su p\u00e1gina web para que los jubilados, por medio de su &#8216;clave de la seguridad social&#8217;, puedan visualizar, en pantalla, si tienen derecho o no a cobrarla.<\/p>\n<p>Desde el organismo se contactar\u00e1n con los jubilados v\u00eda correo electr\u00f3nico para informarles los t\u00e9rminos de la propuesta. Tendr\u00e1n prioridad los mayores de 80 a\u00f1os y quienes sufran problemas de salud.<\/p>\n<p>Los interesados deber\u00e1n habilitar en dicha p\u00e1gina web a su abogado para que \u00e9ste pueda tener acceso a la propuesta de la ANSES. Una vez que ambos tomen conocimiento de las condiciones del acuerdo y de su contenido econ\u00f3mico, el jubilado podr\u00e1 ser aceptado electr\u00f3nicamente.<\/p>\n<p>De acuerdo a la reglamentaci\u00f3n, cuando por razones de salud sea imposible la intervenci\u00f3n del beneficiario en persona, el acto podr\u00e1 ser realizado por un apoderado. Tambi\u00e9n estar\u00e1 disponible un procedimiento alternativo en soporte papel, para los casos excepcionales en los que no fuera posible realizar el procedimiento establecido con huella digital.<\/p>\n","protected":false},"excerpt":{"rendered":"<p>\u00a0 La ANSES actualizar\u00e1 a partir del mediod\u00eda su p\u00e1gina web para que por medio de su &#8216;clave de la seguridad social&#8217; se pueda visualizar, en pantalla, si tienen derecho o no a cobrarla.\u00a0\u00a0\u00a0\u00a0\u00a0 El Gobierno reglament\u00f3 la ley de \u00abreparaci\u00f3n hist\u00f3rica\u00bb que autoriza el pago de sentencias judiciales a los jubilados, los que ya&hellip;<\/p>\n","protected":false},"author":1,"featured_media":0,"comment_status":"open","ping_status":"open","sticky":false,"template":"","format":"standard","meta":{"footnotes":""},"categories":[25],"tags":[80,5997,4910,1258],"class_list":["post-61045","post","type-post","status-publish","format-standard","hentry","category-sociedad","tag-anses","tag-consultas","tag-jubilados","tag-web"],"_links":{"self":[{"href":"https:\/\/www.elsindical.com.ar\/notas\/wp-json\/wp\/v2\/posts\/61045","targetHints":{"allow":["GET"]}}],"collection":[{"href":"https:\/\/www.elsindical.com.ar\/notas\/wp-json\/wp\/v2\/posts"}],"about":[{"href":"https:\/\/www.elsindical.com.ar\/notas\/wp-json\/wp\/v2\/types\/post"}],"author":[{"embeddable":true,"href":"https:\/\/www.elsindical.com.ar\/notas\/wp-json\/wp\/v2\/users\/1"}],"replies":[{"embeddable":true,"href":"https:\/\/www.elsindical.com.ar\/notas\/wp-json\/wp\/v2\/comments?post=61045"}],"version-history":[{"count":1,"href":"https:\/\/www.elsindical.com.ar\/notas\/wp-json\/wp\/v2\/posts\/61045\/revisions"}],"predecessor-version":[{"id":61047,"href":"https:\/\/www.elsindical.com.ar\/notas\/wp-json\/wp\/v2\/posts\/61045\/revisions\/61047"}],"wp:attachment":[{"href":"https:\/\/www.elsindical.com.ar\/notas\/wp-json\/wp\/v2\/media?parent=61045"}],"wp:term":[{"taxonomy":"category","embeddable":true,"href":"https:\/\/www.elsindical.com.ar\/notas\/wp-json\/wp\/v2\/categories?post=61045"},{"taxonomy":"post_tag","embeddable":true,"href":"https:\/\/www.elsindical.com.ar\/notas\/wp-json\/wp\/v2\/tags?post=61045"}],"curies":[{"name":"wp","href":"https:\/\/api.w.org\/{rel}","templated":true}]}}