{"id":61026,"date":"2016-07-27T00:57:36","date_gmt":"2016-07-27T03:57:36","guid":{"rendered":"http:\/\/www.elsindical.com.ar\/notas\/?p=61026"},"modified":"2016-07-27T00:57:36","modified_gmt":"2016-07-27T03:57:36","slug":"cliente-denuncia-a-empresa-extra-gas-en-las-redes-sociales-de-estafar-a-los-compradores-de-garrafas","status":"publish","type":"post","link":"https:\/\/www.elsindical.com.ar\/notas\/cliente-denuncia-a-empresa-extra-gas-en-las-redes-sociales-de-estafar-a-los-compradores-de-garrafas\/","title":{"rendered":"Cliente denuncia a empresa Extra Gas en las redes sociales de estafar a los compradores de garrafas"},"content":{"rendered":"<p><a href=\"http:\/\/www.elsindical.com.ar\/notas\/var\/www\/html\/notas\/wp-content\/uploads\/2016\/07\/denuncia-garrafas.jpg\"><img loading=\"lazy\" decoding=\"async\" class=\"alignnone size-medium wp-image-61027\" src=\"http:\/\/www.elsindical.com.ar\/notas\/var\/www\/html\/notas\/wp-content\/uploads\/2016\/07\/denuncia-garrafas-172x300.jpg\" alt=\"denuncia-garrafas\" width=\"172\" height=\"300\" srcset=\"https:\/\/www.elsindical.com.ar\/notas\/var\/www\/html\/notas\/wp-content\/uploads\/2016\/07\/denuncia-garrafas-172x300.jpg 172w, https:\/\/www.elsindical.com.ar\/notas\/var\/www\/html\/notas\/wp-content\/uploads\/2016\/07\/denuncia-garrafas.jpg 502w\" sizes=\"auto, (max-width: 172px) 100vw, 172px\" \/><\/a>\u00a0\u00a0 Un cliente de la empresa Extra Gas, denunci\u00f3 en las redes sociales subiendo un video que muestra como las garrafas de 10 kilos que parecen estar llenas de gas, en realidad duran pocos d\u00edas por contener en su interior agua, lo que hace que los estafados deban volver a comprar una garrafa para los quehaceres dom\u00e9sticos.<\/p>\n<p>Con el perfil <a href=\"https:\/\/www.facebook.com\/aleuriona?fref=nf&amp;pnref=story\">Alejandro Uriona <\/a>en Facebook, el cliente estafado subi\u00f3 un video donde muestra lo que ya sospechaba de la recarga que hace la empresa con las garrafas, es de esperar que las autoridades correspondientes investiguen y sancionen a la empresa si es como denuncia el usuario son estafados, teniendo en cuenta que la estafa se produce en \u00e9poca de bajas temperaturas y en medio de una situaci\u00f3n social y econ\u00f3mica compleja.<\/p>\n<p><iframe loading=\"lazy\" src=\"https:\/\/www.youtube.com\/embed\/8l5d-cUT3Jg\" width=\"580\" height=\"420\" frameborder=\"0\" allowfullscreen=\"allowfullscreen\"><\/iframe><\/p>\n<p>&nbsp;<\/p>\n<p>&nbsp;<\/p>\n","protected":false},"excerpt":{"rendered":"<p>\u00a0\u00a0 Un cliente de la empresa Extra Gas, denunci\u00f3 en las redes sociales subiendo un video que muestra como las garrafas de 10 kilos que parecen estar llenas de gas, en realidad duran pocos d\u00edas por contener en su interior agua, lo que hace que los estafados deban volver a comprar una garrafa para los&hellip;<\/p>\n","protected":false},"author":1,"featured_media":0,"comment_status":"open","ping_status":"open","sticky":false,"template":"","format":"standard","meta":{"footnotes":""},"categories":[6],"tags":[24040,175,24038,219,24039,2605],"class_list":["post-61026","post","type-post","status-publish","format-standard","hentry","category-denuncias","tag-alejandro-uriona","tag-denuncia","tag-extra-gas","tag-facebook","tag-garrafas","tag-redes-sociales"],"_links":{"self":[{"href":"https:\/\/www.elsindical.com.ar\/notas\/wp-json\/wp\/v2\/posts\/61026","targetHints":{"allow":["GET"]}}],"collection":[{"href":"https:\/\/www.elsindical.com.ar\/notas\/wp-json\/wp\/v2\/posts"}],"about":[{"href":"https:\/\/www.elsindical.com.ar\/notas\/wp-json\/wp\/v2\/types\/post"}],"author":[{"embeddable":true,"href":"https:\/\/www.elsindical.com.ar\/notas\/wp-json\/wp\/v2\/users\/1"}],"replies":[{"embeddable":true,"href":"https:\/\/www.elsindical.com.ar\/notas\/wp-json\/wp\/v2\/comments?post=61026"}],"version-history":[{"count":1,"href":"https:\/\/www.elsindical.com.ar\/notas\/wp-json\/wp\/v2\/posts\/61026\/revisions"}],"predecessor-version":[{"id":61028,"href":"https:\/\/www.elsindical.com.ar\/notas\/wp-json\/wp\/v2\/posts\/61026\/revisions\/61028"}],"wp:attachment":[{"href":"https:\/\/www.elsindical.com.ar\/notas\/wp-json\/wp\/v2\/media?parent=61026"}],"wp:term":[{"taxonomy":"category","embeddable":true,"href":"https:\/\/www.elsindical.com.ar\/notas\/wp-json\/wp\/v2\/categories?post=61026"},{"taxonomy":"post_tag","embeddable":true,"href":"https:\/\/www.elsindical.com.ar\/notas\/wp-json\/wp\/v2\/tags?post=61026"}],"curies":[{"name":"wp","href":"https:\/\/api.w.org\/{rel}","templated":true}]}}