{"id":61015,"date":"2016-07-26T22:32:53","date_gmt":"2016-07-27T01:32:53","guid":{"rendered":"http:\/\/www.elsindical.com.ar\/notas\/?p=61015"},"modified":"2016-07-26T22:32:53","modified_gmt":"2016-07-27T01:32:53","slug":"quilmes-vecino-intento-suicidarse-dentro-del-municipio-por-falta-de-respuestas","status":"publish","type":"post","link":"https:\/\/www.elsindical.com.ar\/notas\/quilmes-vecino-intento-suicidarse-dentro-del-municipio-por-falta-de-respuestas\/","title":{"rendered":"Quilmes: Vecino intent\u00f3 suicidarse dentro del municipio por falta de respuestas"},"content":{"rendered":"<p><em><a href=\"http:\/\/www.elsindical.com.ar\/notas\/var\/www\/html\/notas\/wp-content\/uploads\/2016\/07\/intento-de-suicidio-municipalidad-de-Quilmes.jpg\"><img loading=\"lazy\" decoding=\"async\" class=\"alignnone size-medium wp-image-61016\" src=\"http:\/\/www.elsindical.com.ar\/notas\/var\/www\/html\/notas\/wp-content\/uploads\/2016\/07\/intento-de-suicidio-municipalidad-de-Quilmes-300x158.jpg\" alt=\"intento-de-suicidio-municipalidad-de-Quilmes\" width=\"300\" height=\"158\" srcset=\"https:\/\/www.elsindical.com.ar\/notas\/var\/www\/html\/notas\/wp-content\/uploads\/2016\/07\/intento-de-suicidio-municipalidad-de-Quilmes-300x158.jpg 300w, https:\/\/www.elsindical.com.ar\/notas\/var\/www\/html\/notas\/wp-content\/uploads\/2016\/07\/intento-de-suicidio-municipalidad-de-Quilmes-500x263.jpg 500w, https:\/\/www.elsindical.com.ar\/notas\/var\/www\/html\/notas\/wp-content\/uploads\/2016\/07\/intento-de-suicidio-municipalidad-de-Quilmes.jpg 620w\" sizes=\"auto, (max-width: 300px) 100vw, 300px\" \/><\/a>\u00a0 El vecino\u00a0tom\u00f3 esta terrible decisi\u00f3n luego de acercarse al edificio comunal para reformular un reclamo sobre su vivienda, la cual sufri\u00f3 una grave inundaci\u00f3n, y no obtuvo\u00a0respuestas. Por ese motivo,\u00a0trat\u00f3\u00a0de arrojarse desde un\u00a0primer piso\u00a0pero la tragedia fue evitada por personas que alcanzaron a\u00a0agarrarlo.<\/em><\/p>\n<div class=\"article-text\">\n<p>Seg\u00fan public\u00f3 <em>CPB\u00a0Noticias<\/em>,\u00a0un hombre discapacitado\u00a0intent\u00f3 suicidarse en la Municipalidad de Quilmes al colgarse desde un primer piso.<\/p>\n<p>Las primeras versiones indicaban que era ex trabajador municipal que hab\u00eda sido dado de baja por la actual gesti\u00f3n\u00a0pero esto luego fue desmentido.<\/p>\n<p>De acuerdo a\u00a0CPB, el sujeto es vecino del barrio Novak donde recientemente perdi\u00f3 su casa en una inundaci\u00f3n y estaba cansado de reclamar.<\/p>\n<p><strong><u>El descargo de la Municipalidad<\/u><\/strong><\/p>\n<p>A ra\u00edz de los hechos que se han viralizado en las redes por medio de un video en el que se observa a un vecino en estado de crisis emocional y con aparentes intenciones de afectar su integridad \u00a0f\u00edsica dentro del palacio municipal,\u00a0esta Administraci\u00f3n informa:<\/p>\n<p>-Que el vecino, identificado como Nicol\u00e1s Suarez, no es ni ha sido trabajador municipal, tal err\u00f3neamente se ha consignado en algunos portales.<\/p>\n<p>-Que tras la intervenci\u00f3n de personal especializado en el \u00e1rea de Salud Mental de este Municipio, se logr\u00f3 su estabilizaci\u00f3n, as\u00ed como el inicio de un protocolo de seguimiento por parte de profesionales psic\u00f3logos del Centro Asistencial Ram\u00f3n Carrillo, de esta Ciudad.<\/p>\n<p>-Que sin perjuicio de la atenci\u00f3n profesional dada al vecino, un equipo del \u00e1rea de H\u00e1bitat de la Municipalidad de Quilmes tom\u00f3 intervenci\u00f3n en la situaci\u00f3n socio ambiental del referido y su familia, a efectos de intervenir en las necesidades que surgieron tras la charla con el personal m\u00e9dico.<\/p>\n<\/div>\n<p><iframe loading=\"lazy\" src=\"https:\/\/www.youtube.com\/embed\/2N10luoNFzk\" width=\"580\" height=\"420\" frameborder=\"0\" allowfullscreen=\"allowfullscreen\"><\/iframe><\/p>\n","protected":false},"excerpt":{"rendered":"<p>\u00a0 El vecino\u00a0tom\u00f3 esta terrible decisi\u00f3n luego de acercarse al edificio comunal para reformular un reclamo sobre su vivienda, la cual sufri\u00f3 una grave inundaci\u00f3n, y no obtuvo\u00a0respuestas. Por ese motivo,\u00a0trat\u00f3\u00a0de arrojarse desde un\u00a0primer piso\u00a0pero la tragedia fue evitada por personas que alcanzaron a\u00a0agarrarlo. Seg\u00fan public\u00f3 CPB\u00a0Noticias,\u00a0un hombre discapacitado\u00a0intent\u00f3 suicidarse en la Municipalidad de Quilmes&hellip;<\/p>\n","protected":false},"author":1,"featured_media":0,"comment_status":"open","ping_status":"open","sticky":false,"template":"","format":"standard","meta":{"footnotes":""},"categories":[25],"tags":[24035,272,684,512,522],"class_list":["post-61015","post","type-post","status-publish","format-standard","hentry","category-sociedad","tag-barrio-monsenor-novak","tag-discapacidad","tag-quilmes","tag-reclamo","tag-suicidio"],"_links":{"self":[{"href":"https:\/\/www.elsindical.com.ar\/notas\/wp-json\/wp\/v2\/posts\/61015","targetHints":{"allow":["GET"]}}],"collection":[{"href":"https:\/\/www.elsindical.com.ar\/notas\/wp-json\/wp\/v2\/posts"}],"about":[{"href":"https:\/\/www.elsindical.com.ar\/notas\/wp-json\/wp\/v2\/types\/post"}],"author":[{"embeddable":true,"href":"https:\/\/www.elsindical.com.ar\/notas\/wp-json\/wp\/v2\/users\/1"}],"replies":[{"embeddable":true,"href":"https:\/\/www.elsindical.com.ar\/notas\/wp-json\/wp\/v2\/comments?post=61015"}],"version-history":[{"count":1,"href":"https:\/\/www.elsindical.com.ar\/notas\/wp-json\/wp\/v2\/posts\/61015\/revisions"}],"predecessor-version":[{"id":61017,"href":"https:\/\/www.elsindical.com.ar\/notas\/wp-json\/wp\/v2\/posts\/61015\/revisions\/61017"}],"wp:attachment":[{"href":"https:\/\/www.elsindical.com.ar\/notas\/wp-json\/wp\/v2\/media?parent=61015"}],"wp:term":[{"taxonomy":"category","embeddable":true,"href":"https:\/\/www.elsindical.com.ar\/notas\/wp-json\/wp\/v2\/categories?post=61015"},{"taxonomy":"post_tag","embeddable":true,"href":"https:\/\/www.elsindical.com.ar\/notas\/wp-json\/wp\/v2\/tags?post=61015"}],"curies":[{"name":"wp","href":"https:\/\/api.w.org\/{rel}","templated":true}]}}