{"id":60989,"date":"2016-07-24T15:40:41","date_gmt":"2016-07-24T18:40:41","guid":{"rendered":"http:\/\/www.elsindical.com.ar\/notas\/?p=60989"},"modified":"2016-07-24T15:40:41","modified_gmt":"2016-07-24T18:40:41","slug":"avellaneda-un-menor-demorado-por-robo-en-banda-y-en-poblado","status":"publish","type":"post","link":"https:\/\/www.elsindical.com.ar\/notas\/avellaneda-un-menor-demorado-por-robo-en-banda-y-en-poblado\/","title":{"rendered":"Avellaneda: Un menor demorado por robo en banda y en poblado"},"content":{"rendered":"<p><a href=\"http:\/\/distritalavellaneda.com.ar\/wp-content\/uploads\/2016\/07\/patrullero-C.P-auto.jpg\"><img loading=\"lazy\" decoding=\"async\" class=\"alignnone size-medium wp-image-8303\" src=\"http:\/\/distritalavellaneda.com.ar\/wp-content\/uploads\/2016\/07\/patrullero-C.P-auto-300x185.jpg\" alt=\"patrullero-C.P-auto\" width=\"300\" height=\"185\" \/><\/a>Fecha 24-07-2016, 01:00 hs m\u00f3vil orden 41.455 a\/c Teniente 1ro ROBERANO AUGUSTO y Sargento S\u00c1NCHEZ VICTORIA circunstancias recorr\u00edan Zona 7, son convocados via radial 911 a la calle Casella Pi\u00f1eiro y Gatemeyer se estar\u00eda produciendo enfrentamiento armado.<\/p>\n<p>Al llegar al lugar, observan que de veh\u00edculo Peugeot Mod 308 negro, Patte PJZ-991 sustra\u00eddo momentos antes y se aprehende al ciudadano MAT\u00cdAS NAHUEL R., argentino de 16 a\u00f1os, soltero, domiciliado en Villa Zavaleta , incaut\u00e1ndose en poder del mismo REV\u00d3LVER CAL 38 MARCA COLT NUMERACI\u00d3N SUPRIMIDA como as\u00ed se incauta llaves de ignici\u00f3n de veh\u00edculo marca BMW, el cual hab\u00eda sido abandonado en calles Piedras y Rosenda a metros del lugar.<\/p>\n<p>Se comisiona al m\u00f3vil Corsa patte NZR638 a\/c Oficial Subinspector RODR\u00cdGUEZ NATALIA al lugar hallando veh\u00edculo BMW Mod 323I color gris Patte FXZ-921, sobre el cual pesaba alerta radial y que le fuera sustra\u00eddo al ciudadano ALEJANDRO C., en Lan\u00fas habiendo radicado denuncia en Cria Lan\u00fas 1ra.<\/p>\n<p>Se hizo presente en el lugar Comisario VERA titular de Cria jurisdiccional y se preservan ambos lugares hasta la llegada de personal de Polic\u00eda Cient\u00edfica se procede al traslado de aprehendido arma y veh\u00edculos al asiento de Cra Avellaneda 1ra fines legales.<\/p>\n<p>&nbsp;<\/p>\n<p><strong>Fuente: <a href=\"http:\/\/departamentalavellanedalanuslomas.blogspot.com.ar\/\">Jefatura Departamental Avellaneda-Lan\u00fas-Lomas<\/a><\/strong><\/p>\n","protected":false},"excerpt":{"rendered":"<p>Fecha 24-07-2016, 01:00 hs m\u00f3vil orden 41.455 a\/c Teniente 1ro ROBERANO AUGUSTO y Sargento S\u00c1NCHEZ VICTORIA circunstancias recorr\u00edan Zona 7, son convocados via radial 911 a la calle Casella Pi\u00f1eiro y Gatemeyer se estar\u00eda produciendo enfrentamiento armado. Al llegar al lugar, observan que de veh\u00edculo Peugeot Mod 308 negro, Patte PJZ-991 sustra\u00eddo momentos antes y&hellip;<\/p>\n","protected":false},"author":1,"featured_media":0,"comment_status":"open","ping_status":"open","sticky":false,"template":"","format":"standard","meta":{"footnotes":""},"categories":[22],"tags":[22301,23294,223,23922],"class_list":["post-60989","post","type-post","status-publish","format-standard","hentry","category-policiales","tag-comisario-mayor-javier-carlos-villar","tag-jefatura-departamental-avellaneda-lanus-lomas","tag-menor","tag-robo-en-banda-y-en-poblado"],"_links":{"self":[{"href":"https:\/\/www.elsindical.com.ar\/notas\/wp-json\/wp\/v2\/posts\/60989","targetHints":{"allow":["GET"]}}],"collection":[{"href":"https:\/\/www.elsindical.com.ar\/notas\/wp-json\/wp\/v2\/posts"}],"about":[{"href":"https:\/\/www.elsindical.com.ar\/notas\/wp-json\/wp\/v2\/types\/post"}],"author":[{"embeddable":true,"href":"https:\/\/www.elsindical.com.ar\/notas\/wp-json\/wp\/v2\/users\/1"}],"replies":[{"embeddable":true,"href":"https:\/\/www.elsindical.com.ar\/notas\/wp-json\/wp\/v2\/comments?post=60989"}],"version-history":[{"count":1,"href":"https:\/\/www.elsindical.com.ar\/notas\/wp-json\/wp\/v2\/posts\/60989\/revisions"}],"predecessor-version":[{"id":60990,"href":"https:\/\/www.elsindical.com.ar\/notas\/wp-json\/wp\/v2\/posts\/60989\/revisions\/60990"}],"wp:attachment":[{"href":"https:\/\/www.elsindical.com.ar\/notas\/wp-json\/wp\/v2\/media?parent=60989"}],"wp:term":[{"taxonomy":"category","embeddable":true,"href":"https:\/\/www.elsindical.com.ar\/notas\/wp-json\/wp\/v2\/categories?post=60989"},{"taxonomy":"post_tag","embeddable":true,"href":"https:\/\/www.elsindical.com.ar\/notas\/wp-json\/wp\/v2\/tags?post=60989"}],"curies":[{"name":"wp","href":"https:\/\/api.w.org\/{rel}","templated":true}]}}