{"id":60952,"date":"2016-07-22T11:55:57","date_gmt":"2016-07-22T14:55:57","guid":{"rendered":"http:\/\/www.elsindical.com.ar\/notas\/?p=60952"},"modified":"2016-07-22T11:55:57","modified_gmt":"2016-07-22T14:55:57","slug":"justicia-difunde-videos-de-supuesto-asesino-solicitan-colaboracion-de-la-sociedad","status":"publish","type":"post","link":"https:\/\/www.elsindical.com.ar\/notas\/justicia-difunde-videos-de-supuesto-asesino-solicitan-colaboracion-de-la-sociedad\/","title":{"rendered":"Justicia difunde videos de supuesto asesino, solicitan colaboraci\u00f3n de la sociedad"},"content":{"rendered":"<p><a href=\"http:\/\/www.elsindical.com.ar\/notas\/var\/www\/html\/notas\/wp-content\/uploads\/2016\/07\/sospechoso-asesinato.jpg\"><img loading=\"lazy\" decoding=\"async\" class=\"alignnone size-medium wp-image-60953\" src=\"http:\/\/www.elsindical.com.ar\/notas\/var\/www\/html\/notas\/wp-content\/uploads\/2016\/07\/sospechoso-asesinato-300x158.jpg\" alt=\"sospechoso-asesinato\" width=\"300\" height=\"158\" srcset=\"https:\/\/www.elsindical.com.ar\/notas\/var\/www\/html\/notas\/wp-content\/uploads\/2016\/07\/sospechoso-asesinato-300x158.jpg 300w, https:\/\/www.elsindical.com.ar\/notas\/var\/www\/html\/notas\/wp-content\/uploads\/2016\/07\/sospechoso-asesinato-500x263.jpg 500w, https:\/\/www.elsindical.com.ar\/notas\/var\/www\/html\/notas\/wp-content\/uploads\/2016\/07\/sospechoso-asesinato.jpg 620w\" sizes=\"auto, (max-width: 300px) 100vw, 300px\" \/><\/a>\u00a0 <em>La justicia difundi\u00f3 un video con im\u00e1genes del supuesto asesino para que quienes lo reconozcan se comuniquen inmediatamente al 911 y aporten informaci\u00f3n que permita identificar al sujeto que se ve en los videos de las c\u00e1maras de seguridad del edificio donde se cometi\u00f3 el crimen.<\/em><\/p>\n<p>El caso se dio a conocer en diciembre, cuando\u00a0<strong>Mirta Avancini\u00a0<\/strong>(53), de profesi\u00f3n kinesi\u00f3loga que\u00a0atend\u00eda en un inmueble situado en C\u00e9spedes al 3400, a metros de Alvarez Thomas, y resid\u00eda en el quinto piso de un edificio en Palpa al 3500, casi esquina con la misma avenida, en Colegiales, fue hallada muerta en su consultorio, amordazada, maniatada y con un g\u00e9nero cubriendo su cabeza.<\/p>\n<p>En los videos se puede ver a quien supuestamente\u00a0ser\u00eda el asesino, ingresar al inmueble en el que viv\u00eda la v\u00edctima, 25 minutos despu\u00e9s de la la mujer dejara su casa.<\/p>\n<p>Tambi\u00e9n se puede ver en el video que este hombre, de gorra blanca que ingresa con una mochila, sale con un portafolio, que seg\u00fan el personal de vigilancia explic\u00f3 que era una computadora para reparar.<\/p>\n<p>El mismo jueves se dio a conocer una denuncia por robo a mano armada y privaci\u00f3n ilegal de la libertad de una familia que reside en el 5to. \u00abA\u00bb de Palpa al 3500, a ra\u00edz de lo cual, comenzaron a vincular ambos hechos.<\/p>\n<p><iframe loading=\"lazy\" src=\"https:\/\/www.youtube.com\/embed\/BpV-Gf2B0s4\" width=\"580\" height=\"420\" frameborder=\"0\" allowfullscreen=\"allowfullscreen\"><\/iframe><\/p>\n","protected":false},"excerpt":{"rendered":"<p>\u00a0 La justicia difundi\u00f3 un video con im\u00e1genes del supuesto asesino para que quienes lo reconozcan se comuniquen inmediatamente al 911 y aporten informaci\u00f3n que permita identificar al sujeto que se ve en los videos de las c\u00e1maras de seguridad del edificio donde se cometi\u00f3 el crimen. El caso se dio a conocer en diciembre,&hellip;<\/p>\n","protected":false},"author":1,"featured_media":0,"comment_status":"open","ping_status":"open","sticky":false,"template":"","format":"standard","meta":{"footnotes":""},"categories":[20],"tags":[1930,6313,937,2942,24012,3605],"class_list":["post-60952","post","type-post","status-publish","format-standard","hentry","category-judiciales","tag-asesino","tag-colegiales","tag-crimen","tag-imagenes","tag-mirta-avancini","tag-videos"],"_links":{"self":[{"href":"https:\/\/www.elsindical.com.ar\/notas\/wp-json\/wp\/v2\/posts\/60952","targetHints":{"allow":["GET"]}}],"collection":[{"href":"https:\/\/www.elsindical.com.ar\/notas\/wp-json\/wp\/v2\/posts"}],"about":[{"href":"https:\/\/www.elsindical.com.ar\/notas\/wp-json\/wp\/v2\/types\/post"}],"author":[{"embeddable":true,"href":"https:\/\/www.elsindical.com.ar\/notas\/wp-json\/wp\/v2\/users\/1"}],"replies":[{"embeddable":true,"href":"https:\/\/www.elsindical.com.ar\/notas\/wp-json\/wp\/v2\/comments?post=60952"}],"version-history":[{"count":1,"href":"https:\/\/www.elsindical.com.ar\/notas\/wp-json\/wp\/v2\/posts\/60952\/revisions"}],"predecessor-version":[{"id":60954,"href":"https:\/\/www.elsindical.com.ar\/notas\/wp-json\/wp\/v2\/posts\/60952\/revisions\/60954"}],"wp:attachment":[{"href":"https:\/\/www.elsindical.com.ar\/notas\/wp-json\/wp\/v2\/media?parent=60952"}],"wp:term":[{"taxonomy":"category","embeddable":true,"href":"https:\/\/www.elsindical.com.ar\/notas\/wp-json\/wp\/v2\/categories?post=60952"},{"taxonomy":"post_tag","embeddable":true,"href":"https:\/\/www.elsindical.com.ar\/notas\/wp-json\/wp\/v2\/tags?post=60952"}],"curies":[{"name":"wp","href":"https:\/\/api.w.org\/{rel}","templated":true}]}}