{"id":60887,"date":"2016-07-20T10:14:31","date_gmt":"2016-07-20T13:14:31","guid":{"rendered":"http:\/\/www.elsindical.com.ar\/notas\/?p=60887"},"modified":"2016-07-20T10:14:31","modified_gmt":"2016-07-20T13:14:31","slug":"los-comercios-obligados-a-aceptar-debito-a-partir-de-10","status":"publish","type":"post","link":"https:\/\/www.elsindical.com.ar\/notas\/los-comercios-obligados-a-aceptar-debito-a-partir-de-10\/","title":{"rendered":"Los comercios, obligados a aceptar d\u00e9bito a partir de $10"},"content":{"rendered":"<p><em><a href=\"http:\/\/www.elsindical.com.ar\/notas\/var\/www\/html\/notas\/wp-content\/uploads\/2011\/12\/consumo-tarjeta.jpg\"><img loading=\"lazy\" decoding=\"async\" class=\"alignnone size-medium wp-image-19987\" src=\"http:\/\/www.elsindical.com.ar\/notas\/var\/www\/html\/notas\/wp-content\/uploads\/2011\/12\/consumo-tarjeta-300x225.jpg\" alt=\"consumo-tarjeta\" width=\"300\" height=\"225\" srcset=\"https:\/\/www.elsindical.com.ar\/notas\/var\/www\/html\/notas\/wp-content\/uploads\/2011\/12\/consumo-tarjeta-300x225.jpg 300w, https:\/\/www.elsindical.com.ar\/notas\/var\/www\/html\/notas\/wp-content\/uploads\/2011\/12\/consumo-tarjeta.jpg 325w\" sizes=\"auto, (max-width: 300px) 100vw, 300px\" \/><\/a>\u00a0 As\u00ed lo anunci\u00f3 el titular de la AFIP, Alberto Abad. Dijo que empezar\u00e1 a promover el uso de esa tarjea en comercios de mayor volumen y en ciudades de m\u00e1s de mil habitantes.\u00a0\u00a0<\/em><\/p>\n<p>La Administraci\u00f3n Federal de Ingresos P\u00fablicos (AFIP) promover\u00e1 la operaci\u00f3n con tarjeta de d\u00e9bito en todos los comercios del pa\u00eds, en cumplimiento de la ley que prev\u00e9 el uso de ese medio para todas las compras en ciudades de m\u00e1s de mil habitantes.<\/p>\n<p>El funcionario destac\u00f3 que la ley que obliga a la utilizaci\u00f3n de la tarjeta de d\u00e9bito, sancionada en el 2001, \u201cesta vigente, pero est\u00e1 en desuso\u201d y que abarca a todas las poblaciones con m\u00e1s de mil habitantes y por operaciones mayores a los 10 pesos.<\/p>\n<p>La utilizaci\u00f3n de la tarjeta de d\u00e9bito se actualiz\u00f3, luego de que entrara ayer en vigencia la Ley que establece la devoluci\u00f3n del IVA para jubilados y beneficiarios de planes sociales que realicen sus compras a trav\u00e9s de este medio, hasta un tope de 300 pesos mensuales.<\/p>\n<p>\u201cAhora hemos sacado todos los impedimentos que ten\u00edan los comerciantes para utilizar este medio\u201d, dijo Abad.<\/p>\n<p>De esta manera, el funcionario se refiri\u00f3 a las facilidades con que cuentan ahora los negocios para utilizar este medio, entre las que se encuentran computar como cr\u00e9dito fiscal el 50% del costo de mantenimiento para los comercios que ya cuentas con el postnet.<\/p>\n<p>Adem\u00e1s, prev\u00e9 dejar gratis por dos a\u00f1os la compra de postnet para las nuevas altas de establecimientos monotributistas o micro empresas, con ingresos anuales menores a 9 millones de pesos. El sistema no cobrar\u00e1 aranceles por esta gesti\u00f3n a los comercios monotributistas.<\/p>\n<p>Abad destac\u00f3 que esta mayor utilizaci\u00f3n de la tarjeta de d\u00e9bito \u201cno se har\u00e1 de la noche a la ma\u00f1ana\u201d y que se ir\u00e1 \u00abtrabajando gradualmente para extenderla a todos los comercios.<\/p>\n<p>La no utilizaci\u00f3n de la tarjeta de d\u00e9bito de parte de los comercios puede acarrear suspensiones, e inclusos clausuras, seg\u00fan detalla la Ley sancionada en el 2001.<\/p>\n<p>Abad record\u00f3 que \u201cno puede haber precios diferentes\u201d para un mismo producto o servicios, ya sea que se pague en efectivo, o con cualquier tipo de tarjeta.<\/p>\n<p>\u201cTenemos que ir, progresivamente, terminando con estos comportamientos\u201d, concluy\u00f3 Abad.<\/p>\n","protected":false},"excerpt":{"rendered":"<p>\u00a0 As\u00ed lo anunci\u00f3 el titular de la AFIP, Alberto Abad. Dijo que empezar\u00e1 a promover el uso de esa tarjea en comercios de mayor volumen y en ciudades de m\u00e1s de mil habitantes.\u00a0\u00a0 La Administraci\u00f3n Federal de Ingresos P\u00fablicos (AFIP) promover\u00e1 la operaci\u00f3n con tarjeta de d\u00e9bito en todos los comercios del pa\u00eds, en&hellip;<\/p>\n","protected":false},"author":1,"featured_media":0,"comment_status":"open","ping_status":"open","sticky":false,"template":"","format":"standard","meta":{"footnotes":""},"categories":[9],"tags":[69,4357,6572],"class_list":["post-60887","post","type-post","status-publish","format-standard","hentry","category-economia","tag-afip","tag-comercios","tag-tarjeta-de-debito"],"_links":{"self":[{"href":"https:\/\/www.elsindical.com.ar\/notas\/wp-json\/wp\/v2\/posts\/60887","targetHints":{"allow":["GET"]}}],"collection":[{"href":"https:\/\/www.elsindical.com.ar\/notas\/wp-json\/wp\/v2\/posts"}],"about":[{"href":"https:\/\/www.elsindical.com.ar\/notas\/wp-json\/wp\/v2\/types\/post"}],"author":[{"embeddable":true,"href":"https:\/\/www.elsindical.com.ar\/notas\/wp-json\/wp\/v2\/users\/1"}],"replies":[{"embeddable":true,"href":"https:\/\/www.elsindical.com.ar\/notas\/wp-json\/wp\/v2\/comments?post=60887"}],"version-history":[{"count":1,"href":"https:\/\/www.elsindical.com.ar\/notas\/wp-json\/wp\/v2\/posts\/60887\/revisions"}],"predecessor-version":[{"id":60888,"href":"https:\/\/www.elsindical.com.ar\/notas\/wp-json\/wp\/v2\/posts\/60887\/revisions\/60888"}],"wp:attachment":[{"href":"https:\/\/www.elsindical.com.ar\/notas\/wp-json\/wp\/v2\/media?parent=60887"}],"wp:term":[{"taxonomy":"category","embeddable":true,"href":"https:\/\/www.elsindical.com.ar\/notas\/wp-json\/wp\/v2\/categories?post=60887"},{"taxonomy":"post_tag","embeddable":true,"href":"https:\/\/www.elsindical.com.ar\/notas\/wp-json\/wp\/v2\/tags?post=60887"}],"curies":[{"name":"wp","href":"https:\/\/api.w.org\/{rel}","templated":true}]}}