{"id":60885,"date":"2016-07-20T10:12:20","date_gmt":"2016-07-20T13:12:20","guid":{"rendered":"http:\/\/www.elsindical.com.ar\/notas\/?p=60885"},"modified":"2016-07-20T10:12:20","modified_gmt":"2016-07-20T13:12:20","slug":"el-precio-del-aceite-se-triplicara-a-partir-de-proxima-semana","status":"publish","type":"post","link":"https:\/\/www.elsindical.com.ar\/notas\/el-precio-del-aceite-se-triplicara-a-partir-de-proxima-semana\/","title":{"rendered":"El precio del aceite se triplicar\u00e1 a partir de pr\u00f3xima semana"},"content":{"rendered":"<p><em><a href=\"http:\/\/www.elsindical.com.ar\/notas\/var\/www\/html\/notas\/wp-content\/uploads\/2010\/10\/industria-aceite.jpg\"><img loading=\"lazy\" decoding=\"async\" class=\"alignnone size-medium wp-image-10363\" src=\"http:\/\/www.elsindical.com.ar\/notas\/var\/www\/html\/notas\/wp-content\/uploads\/2010\/10\/industria-aceite-300x200.jpg\" alt=\"industria-aceite\" width=\"300\" height=\"200\" srcset=\"https:\/\/www.elsindical.com.ar\/notas\/var\/www\/html\/notas\/wp-content\/uploads\/2010\/10\/industria-aceite-300x200.jpg 300w, https:\/\/www.elsindical.com.ar\/notas\/var\/www\/html\/notas\/wp-content\/uploads\/2010\/10\/industria-aceite.jpg 325w\" sizes=\"auto, (max-width: 300px) 100vw, 300px\" \/><\/a>\u00a0 El secretario general de la Federaci\u00f3n de Aceiteros advirti\u00f3 que desde la semana que viene el precio del aceite subir\u00e1 debido a que el Gobierno eliminar\u00e1 un subsidio.\u00a0\u00a0\u00a0<\/em><\/p>\n<p>El secretario general de la Federaci\u00f3n de Aceiteros, Daniel Yofra, advirti\u00f3 que desde la semana que viene el precio del aceite se triplicar\u00e1 debido a que el Gobierno eliminar\u00e1 un fideicomiso privado, creado en 2008, que subsidiaba el precio interno del producto.<\/p>\n<p>\u00abLa botella de aceite va a subir tres veces. No manejo los costos de las empresas, pero s\u00e9 lo que estaba hace 10 a\u00f1os atr\u00e1s. Con una botella de aceite, te comprabas 3 latas de gaseosa, y hoy no\u00bb, se\u00f1al\u00f3.<\/p>\n<p>El sindicalista asegur\u00f3 que los nuevos valores estar\u00e1n \u00abla semana que viene en las g\u00f3ndolas\u00bb ya que los empresarios \u00abest\u00e1n en las gateras\u00bb esperando la autorizaci\u00f3n del Gobierno.<\/p>\n<p>\u00abYa le vienen prometiendo que lo iban a levantar a principios de a\u00f1o, y no lo hicieron. Lo l\u00f3gico hubiera sido hacerlo con la devaluaci\u00f3n, cuando los precios se dispararon\u00bb, agreg\u00f3 Yofra.<\/p>\n<p>El precio del aceite est\u00e1 subsidiado desde 2008, cuando la entonces Secretar\u00eda de Comercio conform\u00f3 un fideicomiso privado, conformado con el 1,2 por ciento de las exportaciones, para subsidiar el precio en el mercado interno de los aceites de soja, girasol y sus mezclas.<\/p>\n<p>El aceite qued\u00f3 afuera de la lista en la \u00faltima renovaci\u00f3n del programa Precios Cuidados y en los \u00faltimos dos meses tuvo una suba de alrededor del 35 por ciento.<\/p>\n<p>De concretarse el incremento, se estima que una botella de un litro y medio de aceite mezcla ronde los 90 pesos en los pr\u00f3ximos d\u00edas.<\/p>\n","protected":false},"excerpt":{"rendered":"<p>\u00a0 El secretario general de la Federaci\u00f3n de Aceiteros advirti\u00f3 que desde la semana que viene el precio del aceite subir\u00e1 debido a que el Gobierno eliminar\u00e1 un subsidio.\u00a0\u00a0\u00a0 El secretario general de la Federaci\u00f3n de Aceiteros, Daniel Yofra, advirti\u00f3 que desde la semana que viene el precio del aceite se triplicar\u00e1 debido a que&hellip;<\/p>\n","protected":false},"author":1,"featured_media":0,"comment_status":"open","ping_status":"open","sticky":false,"template":"","format":"standard","meta":{"footnotes":""},"categories":[9],"tags":[23989,22023,4741,2725],"class_list":["post-60885","post","type-post","status-publish","format-standard","hentry","category-economia","tag-aceite","tag-economia","tag-precio","tag-subsidio"],"_links":{"self":[{"href":"https:\/\/www.elsindical.com.ar\/notas\/wp-json\/wp\/v2\/posts\/60885","targetHints":{"allow":["GET"]}}],"collection":[{"href":"https:\/\/www.elsindical.com.ar\/notas\/wp-json\/wp\/v2\/posts"}],"about":[{"href":"https:\/\/www.elsindical.com.ar\/notas\/wp-json\/wp\/v2\/types\/post"}],"author":[{"embeddable":true,"href":"https:\/\/www.elsindical.com.ar\/notas\/wp-json\/wp\/v2\/users\/1"}],"replies":[{"embeddable":true,"href":"https:\/\/www.elsindical.com.ar\/notas\/wp-json\/wp\/v2\/comments?post=60885"}],"version-history":[{"count":1,"href":"https:\/\/www.elsindical.com.ar\/notas\/wp-json\/wp\/v2\/posts\/60885\/revisions"}],"predecessor-version":[{"id":60886,"href":"https:\/\/www.elsindical.com.ar\/notas\/wp-json\/wp\/v2\/posts\/60885\/revisions\/60886"}],"wp:attachment":[{"href":"https:\/\/www.elsindical.com.ar\/notas\/wp-json\/wp\/v2\/media?parent=60885"}],"wp:term":[{"taxonomy":"category","embeddable":true,"href":"https:\/\/www.elsindical.com.ar\/notas\/wp-json\/wp\/v2\/categories?post=60885"},{"taxonomy":"post_tag","embeddable":true,"href":"https:\/\/www.elsindical.com.ar\/notas\/wp-json\/wp\/v2\/tags?post=60885"}],"curies":[{"name":"wp","href":"https:\/\/api.w.org\/{rel}","templated":true}]}}