{"id":60856,"date":"2016-07-19T03:51:04","date_gmt":"2016-07-19T06:51:04","guid":{"rendered":"http:\/\/www.elsindical.com.ar\/notas\/?p=60856"},"modified":"2016-07-19T03:51:04","modified_gmt":"2016-07-19T06:51:04","slug":"cortes-de-luz-en-partidos-de-la-zona-sur-malestar-y-reclamos-de-usuarios","status":"publish","type":"post","link":"https:\/\/www.elsindical.com.ar\/notas\/cortes-de-luz-en-partidos-de-la-zona-sur-malestar-y-reclamos-de-usuarios\/","title":{"rendered":"Cortes de luz en partidos de la zona sur, malestar y reclamos de usuarios"},"content":{"rendered":"<p><a href=\"http:\/\/www.elsindical.com.ar\/notas\/var\/www\/html\/notas\/wp-content\/uploads\/2012\/01\/corte-de-luz.jpg\"><img loading=\"lazy\" decoding=\"async\" class=\"alignnone size-medium wp-image-20302\" src=\"http:\/\/www.elsindical.com.ar\/notas\/var\/www\/html\/notas\/wp-content\/uploads\/2012\/01\/corte-de-luz-300x240.jpg\" alt=\"corte-de-luz\" width=\"300\" height=\"240\" srcset=\"https:\/\/www.elsindical.com.ar\/notas\/var\/www\/html\/notas\/wp-content\/uploads\/2012\/01\/corte-de-luz-300x240.jpg 300w, https:\/\/www.elsindical.com.ar\/notas\/var\/www\/html\/notas\/wp-content\/uploads\/2012\/01\/corte-de-luz.jpg 325w\" sizes=\"auto, (max-width: 300px) 100vw, 300px\" \/><\/a>\u00a0 Desde hace un tiempo, varios vecinos de distintos municipios de la zona sur, padecen cortes de energ\u00eda el\u00e9ctrica que se prolongan por varias horas y hasta d\u00edas, sin que la empresa EDESUR S.A., informe los motivos ni tengan un cronograma de cortes programados, en algunos partidos los vecinos se organizan para realizar cortes y visibilizar sus reclamos.<\/p>\n<p>Los partidos m\u00e1s afectados son Lomas de Zamora, Lan\u00fas y Avellaneda, el enojo de la gente es m\u00e1s que leg\u00edtimo su tomamos en cuenta los aumentos de las tarifas y la p\u00e9sima calidad del servicio que la prestataria brinda a sus clientes, los principales da\u00f1os ocasionados tienen que ver con los alimentados que se desperdician, con da\u00f1os en electrodom\u00e9sticos y la imposibilidad de utilizar servicios como Internet.<\/p>\n","protected":false},"excerpt":{"rendered":"<p>\u00a0 Desde hace un tiempo, varios vecinos de distintos municipios de la zona sur, padecen cortes de energ\u00eda el\u00e9ctrica que se prolongan por varias horas y hasta d\u00edas, sin que la empresa EDESUR S.A., informe los motivos ni tengan un cronograma de cortes programados, en algunos partidos los vecinos se organizan para realizar cortes y&hellip;<\/p>\n","protected":false},"author":1,"featured_media":0,"comment_status":"open","ping_status":"open","sticky":false,"template":"","format":"standard","meta":{"footnotes":""},"categories":[6],"tags":[98,10073,3965,4768,514],"class_list":["post-60856","post","type-post","status-publish","format-standard","hentry","category-denuncias","tag-comida","tag-corte-de-luz","tag-edesur-s-a","tag-electrodomesticos","tag-reclamos"],"_links":{"self":[{"href":"https:\/\/www.elsindical.com.ar\/notas\/wp-json\/wp\/v2\/posts\/60856","targetHints":{"allow":["GET"]}}],"collection":[{"href":"https:\/\/www.elsindical.com.ar\/notas\/wp-json\/wp\/v2\/posts"}],"about":[{"href":"https:\/\/www.elsindical.com.ar\/notas\/wp-json\/wp\/v2\/types\/post"}],"author":[{"embeddable":true,"href":"https:\/\/www.elsindical.com.ar\/notas\/wp-json\/wp\/v2\/users\/1"}],"replies":[{"embeddable":true,"href":"https:\/\/www.elsindical.com.ar\/notas\/wp-json\/wp\/v2\/comments?post=60856"}],"version-history":[{"count":1,"href":"https:\/\/www.elsindical.com.ar\/notas\/wp-json\/wp\/v2\/posts\/60856\/revisions"}],"predecessor-version":[{"id":60857,"href":"https:\/\/www.elsindical.com.ar\/notas\/wp-json\/wp\/v2\/posts\/60856\/revisions\/60857"}],"wp:attachment":[{"href":"https:\/\/www.elsindical.com.ar\/notas\/wp-json\/wp\/v2\/media?parent=60856"}],"wp:term":[{"taxonomy":"category","embeddable":true,"href":"https:\/\/www.elsindical.com.ar\/notas\/wp-json\/wp\/v2\/categories?post=60856"},{"taxonomy":"post_tag","embeddable":true,"href":"https:\/\/www.elsindical.com.ar\/notas\/wp-json\/wp\/v2\/tags?post=60856"}],"curies":[{"name":"wp","href":"https:\/\/api.w.org\/{rel}","templated":true}]}}