{"id":60801,"date":"2016-07-16T11:33:46","date_gmt":"2016-07-16T14:33:46","guid":{"rendered":"http:\/\/www.elsindical.com.ar\/notas\/?p=60801"},"modified":"2016-07-16T11:33:46","modified_gmt":"2016-07-16T14:33:46","slug":"lanus-allanamientos-exitosos-y-secuestro-de-armas-de-fuego","status":"publish","type":"post","link":"https:\/\/www.elsindical.com.ar\/notas\/lanus-allanamientos-exitosos-y-secuestro-de-armas-de-fuego\/","title":{"rendered":"Lan\u00fas: Allanamientos exitosos y secuestro de armas de fuego"},"content":{"rendered":"<p><a href=\"http:\/\/distritalavellaneda.com.ar\/wp-content\/uploads\/2016\/07\/IMG-20160715-WA0009.jpg\"><img loading=\"lazy\" decoding=\"async\" class=\"alignnone size-medium wp-image-8230\" src=\"http:\/\/distritalavellaneda.com.ar\/wp-content\/uploads\/2016\/07\/IMG-20160715-WA0009-225x300.jpg\" alt=\"IMG-20160715-WA0009\" width=\"225\" height=\"300\" \/><\/a>Personal de la comisar\u00eda 1ra de Lan\u00fas, procedi\u00f3 a llevar adelante tres allanamientos en el marco de la I.P.P 38.742 caratulada \u00abAbuso de Arma y Lesiones\u00bb, donde resultara v\u00edctima Juan Pablo C., con intervenci\u00f3n de la UFI N\u00ba12 de Lomas de Zamora.<\/p>\n<p>Objetivo 1- Udaondo N\u00ba 1454, 1\u00ba piso departamento A, se aprehende a GONZALO MONASTERIO, de 33 a\u00f1os y se secuestra una escopeta Magtech modelo 5862 calibre 12\/70, con numeraci\u00f3n limada, 7 cartuchos del mismo calibre y un rev\u00f3lver calibre 32 marca Italo Gra serie N\u00ba 5143, con cuatro municiones, dos carpas modelo XXI negras, cuatro recicladores de aire, cuatro filtros, dos transformadores de alta tensi\u00f3n, cuatro reflectores, cuatro l\u00e1mparas de 600 watts hal\u00f3genas, 24 maceteros de pl\u00e1stico, 6 canalizadores de aire, 1 termostato, todos estos elementos para la construcci\u00f3n de un invernadero para el cultivo de marihuana.<\/p>\n<p>Objetivo 2- Udaondo 1456 de este medio, sin ocupantes, no se realizaron secuestros.<\/p>\n<p>Objetivo 3- Liniers 638 Lan\u00fas Oeste, se logra la aprhensi\u00f3n de EMILIANO MONASTERIO, de 30 a\u00f1os y de ADRI\u00c1N MART\u00cdNEZ de 40, logr\u00e1ndose la incautaci\u00f3n de 1 pistola semiautom\u00e1tica calibre 9 m.m. serie N\u00ba 05-P241.507, con 7 municiones del mismo calibre, 1 escopeta Remington sin numeraci\u00f3n visible, 1 fusil Mauser modelo argentino 1981 serie N\u00ba M4928, 1 escopeta sin marca y numeraci\u00f3n visible calibre 12\/70, 1 rifle de aire comprimido r\u00e9plica de subfusil de asalto M-16, una brecha de hierro improvisada con un palier de cami\u00f3n, dos pantalones de tela antidesgarro de color azul, una remera de color negra con escudo de la Polic\u00eda de la Provincia de Buenos Aires, una camisa de la misma tela de los pantalones azules con escudo de la misma polic\u00eda, dos pares de borcegu\u00edez, dos cascos de kevlar de color negro, dos pasamonta\u00f1as de color negro, un gorro con escudo de la Polic\u00eda de la Provincia de Buenos Aires, haci\u00e9ndose constar que prendas de vestir antes enunciadas tambi\u00e9n corresponden al uniforme diario diario de esta polic\u00eda.<\/p>\n<p><a href=\"http:\/\/distritalavellaneda.com.ar\/wp-content\/uploads\/2016\/07\/IMG-20160715-WA0011.jpg\"><img loading=\"lazy\" decoding=\"async\" class=\"alignnone size-medium wp-image-8232\" src=\"http:\/\/distritalavellaneda.com.ar\/wp-content\/uploads\/2016\/07\/IMG-20160715-WA0011-225x300.jpg\" alt=\"IMG-20160715-WA0011\" width=\"225\" height=\"300\" \/><\/a> <a href=\"http:\/\/distritalavellaneda.com.ar\/wp-content\/uploads\/2016\/07\/IMG-20160715-WA0010.jpg\"><img loading=\"lazy\" decoding=\"async\" class=\"alignnone size-medium wp-image-8231\" src=\"http:\/\/distritalavellaneda.com.ar\/wp-content\/uploads\/2016\/07\/IMG-20160715-WA0010-300x180.jpg\" alt=\"IMG-20160715-WA0010\" width=\"300\" height=\"180\" \/><\/a> <a href=\"http:\/\/distritalavellaneda.com.ar\/wp-content\/uploads\/2016\/07\/IMG-20160715-WA0008.jpg\"><img loading=\"lazy\" decoding=\"async\" class=\"alignnone size-medium wp-image-8229\" src=\"http:\/\/distritalavellaneda.com.ar\/wp-content\/uploads\/2016\/07\/IMG-20160715-WA0008-225x300.jpg\" alt=\"IMG-20160715-WA0008\" width=\"225\" height=\"300\" \/><\/a> <a href=\"http:\/\/distritalavellaneda.com.ar\/wp-content\/uploads\/2016\/07\/IMG-20160715-WA0007.jpg\"><img loading=\"lazy\" decoding=\"async\" class=\"alignnone size-medium wp-image-8228\" src=\"http:\/\/distritalavellaneda.com.ar\/wp-content\/uploads\/2016\/07\/IMG-20160715-WA0007-300x180.jpg\" alt=\"IMG-20160715-WA0007\" width=\"300\" height=\"180\" \/><\/a><\/p>\n<p><strong>Fuente: <a href=\"http:\/\/departamentalavellanedalanuslomas.blogspot.com.ar\/\">Jefatura Departamental Avellaneda-Lan\u00fas-Lomas<\/a><\/strong><\/p>\n","protected":false},"excerpt":{"rendered":"<p>Personal de la comisar\u00eda 1ra de Lan\u00fas, procedi\u00f3 a llevar adelante tres allanamientos en el marco de la I.P.P 38.742 caratulada \u00abAbuso de Arma y Lesiones\u00bb, donde resultara v\u00edctima Juan Pablo C., con intervenci\u00f3n de la UFI N\u00ba12 de Lomas de Zamora. Objetivo 1- Udaondo N\u00ba 1454, 1\u00ba piso departamento A, se aprehende a GONZALO&hellip;<\/p>\n","protected":false},"author":1,"featured_media":0,"comment_status":"open","ping_status":"open","sticky":false,"template":"","format":"standard","meta":{"footnotes":""},"categories":[22],"tags":[138,424,22301,23294,209],"class_list":["post-60801","post","type-post","status-publish","format-standard","hentry","category-policiales","tag-allanamiento","tag-armas","tag-comisario-mayor-javier-carlos-villar","tag-jefatura-departamental-avellaneda-lanus-lomas","tag-lanus"],"_links":{"self":[{"href":"https:\/\/www.elsindical.com.ar\/notas\/wp-json\/wp\/v2\/posts\/60801","targetHints":{"allow":["GET"]}}],"collection":[{"href":"https:\/\/www.elsindical.com.ar\/notas\/wp-json\/wp\/v2\/posts"}],"about":[{"href":"https:\/\/www.elsindical.com.ar\/notas\/wp-json\/wp\/v2\/types\/post"}],"author":[{"embeddable":true,"href":"https:\/\/www.elsindical.com.ar\/notas\/wp-json\/wp\/v2\/users\/1"}],"replies":[{"embeddable":true,"href":"https:\/\/www.elsindical.com.ar\/notas\/wp-json\/wp\/v2\/comments?post=60801"}],"version-history":[{"count":1,"href":"https:\/\/www.elsindical.com.ar\/notas\/wp-json\/wp\/v2\/posts\/60801\/revisions"}],"predecessor-version":[{"id":60802,"href":"https:\/\/www.elsindical.com.ar\/notas\/wp-json\/wp\/v2\/posts\/60801\/revisions\/60802"}],"wp:attachment":[{"href":"https:\/\/www.elsindical.com.ar\/notas\/wp-json\/wp\/v2\/media?parent=60801"}],"wp:term":[{"taxonomy":"category","embeddable":true,"href":"https:\/\/www.elsindical.com.ar\/notas\/wp-json\/wp\/v2\/categories?post=60801"},{"taxonomy":"post_tag","embeddable":true,"href":"https:\/\/www.elsindical.com.ar\/notas\/wp-json\/wp\/v2\/tags?post=60801"}],"curies":[{"name":"wp","href":"https:\/\/api.w.org\/{rel}","templated":true}]}}