{"id":60748,"date":"2016-07-14T11:17:51","date_gmt":"2016-07-14T14:17:51","guid":{"rendered":"http:\/\/www.elsindical.com.ar\/notas\/?p=60748"},"modified":"2016-07-14T11:17:51","modified_gmt":"2016-07-14T14:17:51","slug":"la-foto-con-el-mayor-numero-de-likes-en-la-historia-de-instagram","status":"publish","type":"post","link":"https:\/\/www.elsindical.com.ar\/notas\/la-foto-con-el-mayor-numero-de-likes-en-la-historia-de-instagram\/","title":{"rendered":"La foto con el mayor n\u00famero de likes en la historia de Instagram"},"content":{"rendered":"<p><em><a href=\"http:\/\/www.elsindical.com.ar\/notas\/var\/www\/html\/notas\/wp-content\/uploads\/2016\/07\/Selene-G\u00f3mez.jpg\"><img loading=\"lazy\" decoding=\"async\" class=\"alignnone size-medium wp-image-60749\" src=\"http:\/\/www.elsindical.com.ar\/notas\/var\/www\/html\/notas\/wp-content\/uploads\/2016\/07\/Selene-G\u00f3mez-243x300.jpg\" alt=\"Selene-G\u00f3mez\" width=\"243\" height=\"300\" srcset=\"https:\/\/www.elsindical.com.ar\/notas\/var\/www\/html\/notas\/wp-content\/uploads\/2016\/07\/Selene-G\u00f3mez-243x300.jpg 243w, https:\/\/www.elsindical.com.ar\/notas\/var\/www\/html\/notas\/wp-content\/uploads\/2016\/07\/Selene-G\u00f3mez.jpg 738w\" sizes=\"auto, (max-width: 243px) 100vw, 243px\" \/><\/a>\u00a0 La &#8216;hist\u00f3rica&#8217; imagen pertenece a la cantante estadounidense Selena G\u00f3mez, que se convirti\u00f3 este a\u00f1o en la persona con m\u00e1s seguidores en esta red social.\u00a0\u00a0\u00a0\u00a0\u00a0\u00a0\u00a0\u00a0\u00a0<\/em><\/p>\n<p>Selena Gomez bati\u00f3 un r\u00e9cord al obtener el mayor n\u00famero de &#8216;me gusta&#8217; en una foto que public\u00f3 en su cuenta de Instagram, informa la revista &#8216;People&#8217;. Se trata de una imagen en la que la cantante toma una coca cola que lleva la etiqueta \u00abEres la chispa\u00bb (\u00abYou&#8217;re the spark\u00bb), parte de la letra de su canci\u00f3n &#8216;Me &amp; The Rhythm&#8217;. La foto aparece acompa\u00f1ada por el mensaje \u00abCuando la letra de tu canci\u00f3n est\u00e1 en la botella\u00bb.<\/p>\n<p>La imagen le ha gustado a cuatro millones de personas, con lo cual Gomez se ha convertido en la aut\u00e9ntica &#8216;reina&#8217; de esta red social a los 23 a\u00f1os de edad. En marzo de este a\u00f1o su cuenta cont\u00f3 con el mayor n\u00famero de seguidores en Instagram al alcanzar 89 millones de personas. En este \u00e1mbito, Gomez es seguida por otra conocida cantante, Taylor Swift, que re\u00fane 85,2 millones de seguidores.<\/p>\n","protected":false},"excerpt":{"rendered":"<p>\u00a0 La &#8216;hist\u00f3rica&#8217; imagen pertenece a la cantante estadounidense Selena G\u00f3mez, que se convirti\u00f3 este a\u00f1o en la persona con m\u00e1s seguidores en esta red social.\u00a0\u00a0\u00a0\u00a0\u00a0\u00a0\u00a0\u00a0\u00a0 Selena Gomez bati\u00f3 un r\u00e9cord al obtener el mayor n\u00famero de &#8216;me gusta&#8217; en una foto que public\u00f3 en su cuenta de Instagram, informa la revista &#8216;People&#8217;. Se trata&hellip;<\/p>\n","protected":false},"author":1,"featured_media":0,"comment_status":"open","ping_status":"open","sticky":false,"template":"","format":"standard","meta":{"footnotes":""},"categories":[25],"tags":[2177,5130,14336,8801,23955],"class_list":["post-60748","post","type-post","status-publish","format-standard","hentry","category-sociedad","tag-foto","tag-imagen","tag-instagram","tag-seguidores","tag-selena-gomez"],"_links":{"self":[{"href":"https:\/\/www.elsindical.com.ar\/notas\/wp-json\/wp\/v2\/posts\/60748","targetHints":{"allow":["GET"]}}],"collection":[{"href":"https:\/\/www.elsindical.com.ar\/notas\/wp-json\/wp\/v2\/posts"}],"about":[{"href":"https:\/\/www.elsindical.com.ar\/notas\/wp-json\/wp\/v2\/types\/post"}],"author":[{"embeddable":true,"href":"https:\/\/www.elsindical.com.ar\/notas\/wp-json\/wp\/v2\/users\/1"}],"replies":[{"embeddable":true,"href":"https:\/\/www.elsindical.com.ar\/notas\/wp-json\/wp\/v2\/comments?post=60748"}],"version-history":[{"count":1,"href":"https:\/\/www.elsindical.com.ar\/notas\/wp-json\/wp\/v2\/posts\/60748\/revisions"}],"predecessor-version":[{"id":60750,"href":"https:\/\/www.elsindical.com.ar\/notas\/wp-json\/wp\/v2\/posts\/60748\/revisions\/60750"}],"wp:attachment":[{"href":"https:\/\/www.elsindical.com.ar\/notas\/wp-json\/wp\/v2\/media?parent=60748"}],"wp:term":[{"taxonomy":"category","embeddable":true,"href":"https:\/\/www.elsindical.com.ar\/notas\/wp-json\/wp\/v2\/categories?post=60748"},{"taxonomy":"post_tag","embeddable":true,"href":"https:\/\/www.elsindical.com.ar\/notas\/wp-json\/wp\/v2\/tags?post=60748"}],"curies":[{"name":"wp","href":"https:\/\/api.w.org\/{rel}","templated":true}]}}