{"id":60726,"date":"2016-07-13T16:14:23","date_gmt":"2016-07-13T19:14:23","guid":{"rendered":"http:\/\/www.elsindical.com.ar\/notas\/?p=60726"},"modified":"2016-07-13T16:14:23","modified_gmt":"2016-07-13T19:14:23","slug":"palazzo-reclamo-un-lugar-en-la-conduccion-de-la-cgt-de-unidad","status":"publish","type":"post","link":"https:\/\/www.elsindical.com.ar\/notas\/palazzo-reclamo-un-lugar-en-la-conduccion-de-la-cgt-de-unidad\/","title":{"rendered":"Palazzo reclam\u00f3 un lugar en la conducci\u00f3n de la CGT de unidad"},"content":{"rendered":"<p class=\"copete\"><em><a href=\"http:\/\/www.elsindical.com.ar\/notas\/var\/www\/html\/notas\/wp-content\/uploads\/2016\/07\/Sergio-Palazzo.jpg\"><img loading=\"lazy\" decoding=\"async\" class=\"alignnone size-medium wp-image-60727\" src=\"http:\/\/www.elsindical.com.ar\/notas\/var\/www\/html\/notas\/wp-content\/uploads\/2016\/07\/Sergio-Palazzo-300x176.jpg\" alt=\"Sergio-Palazzo\" width=\"300\" height=\"176\" srcset=\"https:\/\/www.elsindical.com.ar\/notas\/var\/www\/html\/notas\/wp-content\/uploads\/2016\/07\/Sergio-Palazzo-300x176.jpg 300w, https:\/\/www.elsindical.com.ar\/notas\/var\/www\/html\/notas\/wp-content\/uploads\/2016\/07\/Sergio-Palazzo-500x294.jpg 500w, https:\/\/www.elsindical.com.ar\/notas\/var\/www\/html\/notas\/wp-content\/uploads\/2016\/07\/Sergio-Palazzo.jpg 620w\" sizes=\"auto, (max-width: 300px) 100vw, 300px\" \/><\/a>\u00a0 El l\u00edder de La Bancaria sostuvo que en la nueva secretar\u00eda general deber\u00e1 haber un representante de la Corriente Sindical Federal y el N\u00facleo del Movimiento de los Trabajadores Argentinos (MTA).<\/em><\/p>\n<p>El secretario general de la Asociaci\u00f3n Bancaria, <strong>Sergio Palazzo<\/strong>, encabez\u00f3 un acto pol\u00edtico sindical en el microestadio de Ferrocarril Oeste que reuni\u00f3 a m\u00e1s de 60 organizaciones gremiales, en respaldo al proceso de unidad de las CGT.<\/p>\n<p>Palazzo realiz\u00f3 duras cr\u00edticas contra el \u00abgobierno conservador\u00bb que conduce <strong>Mauricio Macri <\/strong>y expres\u00f3 la necesidad de \u00ab<strong>construir la alianza del movimiento obrero<\/strong>\u00bb con todos los sectores de la producci\u00f3n, de la pol\u00edtica y de las organizaciones intermedias \u00abpara dar la batalla final contra el liberalismo econ\u00f3mico que nos gobierna\u00bb.<\/p>\n<p>\u00abEste conjunto de organizaciones sindicales, de militantes y trabajadores, est\u00e1 dispuesto a decirles que no vengan por nosotros ni a buscar que se ajusten o paguen los trabajadores porque <strong>nos van a encontrar en la calle una y mil veces <\/strong>para combatir el ajuste, la pol\u00edtica de derecha y a este gobierno conservador\u00bb, enfatiz\u00f3.<\/p>\n<p>El titular de La Bancaria ratific\u00f3 la importancia de la unidad de las centrales obreras y destac\u00f3 que \u00abes hora que entendamos que, hermanados, fraternos y solidarios, el conjunto de los trabajadores discutimos una cuesti\u00f3n de clase\u00bb. \u00ab<strong>Somos y pertenecemos a la clase obrera y enfrente est\u00e1 la clase empresaria prebendaria<\/strong>\u00ab, sostuvo.<\/p>\n<p>Al referirse a la nueva CGT, Palazzo afirm\u00f3 que \u00abcreemos en una CGT unida\u00bb, y concluy\u00f3: \u00abQuiero darle la tranquilidad a los compa\u00f1eros militantes que este espacio pol\u00edtico sindical no s\u00f3lo buscar\u00e1 la agenda de los argentinos sino que daremos pelea el pr\u00f3ximo 22 de agosto porque <strong>si va a haber una conducci\u00f3n colegiada uno de esos lugares de la secretar\u00eda general tiene que ser para este espacio<\/strong>\u00ab.<\/p>\n","protected":false},"excerpt":{"rendered":"<p>\u00a0 El l\u00edder de La Bancaria sostuvo que en la nueva secretar\u00eda general deber\u00e1 haber un representante de la Corriente Sindical Federal y el N\u00facleo del Movimiento de los Trabajadores Argentinos (MTA). El secretario general de la Asociaci\u00f3n Bancaria, Sergio Palazzo, encabez\u00f3 un acto pol\u00edtico sindical en el microestadio de Ferrocarril Oeste que reuni\u00f3 a&hellip;<\/p>\n","protected":false},"author":1,"featured_media":0,"comment_status":"open","ping_status":"open","sticky":false,"template":"","format":"standard","meta":{"footnotes":""},"categories":[16],"tags":[910,76,23949,6484],"class_list":["post-60726","post","type-post","status-publish","format-standard","hentry","category-gremiales","tag-cgt","tag-mauricio-macri","tag-mta","tag-sergio-palazzo"],"_links":{"self":[{"href":"https:\/\/www.elsindical.com.ar\/notas\/wp-json\/wp\/v2\/posts\/60726","targetHints":{"allow":["GET"]}}],"collection":[{"href":"https:\/\/www.elsindical.com.ar\/notas\/wp-json\/wp\/v2\/posts"}],"about":[{"href":"https:\/\/www.elsindical.com.ar\/notas\/wp-json\/wp\/v2\/types\/post"}],"author":[{"embeddable":true,"href":"https:\/\/www.elsindical.com.ar\/notas\/wp-json\/wp\/v2\/users\/1"}],"replies":[{"embeddable":true,"href":"https:\/\/www.elsindical.com.ar\/notas\/wp-json\/wp\/v2\/comments?post=60726"}],"version-history":[{"count":1,"href":"https:\/\/www.elsindical.com.ar\/notas\/wp-json\/wp\/v2\/posts\/60726\/revisions"}],"predecessor-version":[{"id":60728,"href":"https:\/\/www.elsindical.com.ar\/notas\/wp-json\/wp\/v2\/posts\/60726\/revisions\/60728"}],"wp:attachment":[{"href":"https:\/\/www.elsindical.com.ar\/notas\/wp-json\/wp\/v2\/media?parent=60726"}],"wp:term":[{"taxonomy":"category","embeddable":true,"href":"https:\/\/www.elsindical.com.ar\/notas\/wp-json\/wp\/v2\/categories?post=60726"},{"taxonomy":"post_tag","embeddable":true,"href":"https:\/\/www.elsindical.com.ar\/notas\/wp-json\/wp\/v2\/tags?post=60726"}],"curies":[{"name":"wp","href":"https:\/\/api.w.org\/{rel}","templated":true}]}}