{"id":60723,"date":"2016-07-13T15:52:39","date_gmt":"2016-07-13T18:52:39","guid":{"rendered":"http:\/\/www.elsindical.com.ar\/notas\/?p=60723"},"modified":"2016-07-13T15:52:39","modified_gmt":"2016-07-13T18:52:39","slug":"camioneros-en-alerta-por-despidos-en-empresa-de-catering","status":"publish","type":"post","link":"https:\/\/www.elsindical.com.ar\/notas\/camioneros-en-alerta-por-despidos-en-empresa-de-catering\/","title":{"rendered":"Camioneros en alerta por despidos en empresa de catering"},"content":{"rendered":"<p class=\"copete\"><em><a href=\"http:\/\/www.elsindical.com.ar\/notas\/var\/www\/html\/notas\/wp-content\/uploads\/2016\/07\/Gate-Gourmet.jpg\"><img loading=\"lazy\" decoding=\"async\" class=\"alignnone size-medium wp-image-60724\" src=\"http:\/\/www.elsindical.com.ar\/notas\/var\/www\/html\/notas\/wp-content\/uploads\/2016\/07\/Gate-Gourmet-300x176.jpg\" alt=\"Gate-Gourmet\" width=\"300\" height=\"176\" srcset=\"https:\/\/www.elsindical.com.ar\/notas\/var\/www\/html\/notas\/wp-content\/uploads\/2016\/07\/Gate-Gourmet-300x176.jpg 300w, https:\/\/www.elsindical.com.ar\/notas\/var\/www\/html\/notas\/wp-content\/uploads\/2016\/07\/Gate-Gourmet-500x294.jpg 500w, https:\/\/www.elsindical.com.ar\/notas\/var\/www\/html\/notas\/wp-content\/uploads\/2016\/07\/Gate-Gourmet.jpg 620w\" sizes=\"auto, (max-width: 300px) 100vw, 300px\" \/><\/a>\u00a0 El gremio tambi\u00e9n denunci\u00f3 incumplimientos en la aplicaci\u00f3n del convenio colectivo. No descartan un paro de actividades.<\/em><\/p>\n<p>El <strong>Sindicato de Choferes de Camiones<\/strong> se declar\u00f3 en estado de alerta y movilizaci\u00f3n tras denunciar que la empresa de catering<strong> Gate Gourmet <\/strong>incumple en la aplicaci\u00f3n del convenio colectivo y por el despido de dos delegados gremiales, inform\u00f3 la organizaci\u00f3n.<\/p>\n<p>La decisi\u00f3n se enmarca en un conflicto que la compa\u00f1\u00eda mantiene desde hace meses con el gremio que conducen <strong>Hugo <\/strong>y <strong>Pablo Moyano<\/strong>. En un comunicado de prensa, Camioneros explic\u00f3 que Gate Gourmet -que realiza el servicio de catering para los pasajeros de vuelos nacionales e internacionales- \u00abno aplica el convenio colectivo correspondiente y, en una nueva provocaci\u00f3n, despidi\u00f3 a dos delegados\u00bb.<\/p>\n<p>\u00abEn el preciso momento en el que deliberaba una asamblea general para informar respecto de la situaci\u00f3n, aparecieron m\u00e1s de 500 gendarmes y personal de la guardia de infanter\u00eda, evidenciando las intenciones de la multinacional de continuar operando por fuera de la legislaci\u00f3n argentina\u00bb, puntualizaron los dirigentes.<\/p>\n<p>Moyano (h) y <strong>Marcelo Aparicio<\/strong>, secretarios adjunto y gremial del sindicato, denunciaron tambi\u00e9n que la compa\u00f1\u00eda ofrece \u00ab<strong>malas condiciones laborales y aplica una rebaja encubierta de 5 mil pesos<\/strong> por trabajador al no aplicar el convenio respectivo\u00bb.<\/p>\n<p>Al mismo tiempo expresaron que, por lo mismo, la Rama Log\u00edstica y Distribuci\u00f3n del gremio decidi\u00f3 el estado de alerta y movilizaci\u00f3n y \u00ab<strong>no descart\u00f3 un paro general en la actividad<\/strong>\u00bb de catering.<\/p>\n","protected":false},"excerpt":{"rendered":"<p>\u00a0 El gremio tambi\u00e9n denunci\u00f3 incumplimientos en la aplicaci\u00f3n del convenio colectivo. No descartan un paro de actividades. El Sindicato de Choferes de Camiones se declar\u00f3 en estado de alerta y movilizaci\u00f3n tras denunciar que la empresa de catering Gate Gourmet incumple en la aplicaci\u00f3n del convenio colectivo y por el despido de dos delegados&hellip;<\/p>\n","protected":false},"author":1,"featured_media":0,"comment_status":"open","ping_status":"open","sticky":false,"template":"","format":"standard","meta":{"footnotes":""},"categories":[16],"tags":[1298,23948,77,632],"class_list":["post-60723","post","type-post","status-publish","format-standard","hentry","category-gremiales","tag-camioneros","tag-gate-gourmet","tag-hugo-moyano","tag-pablo-moyano"],"_links":{"self":[{"href":"https:\/\/www.elsindical.com.ar\/notas\/wp-json\/wp\/v2\/posts\/60723","targetHints":{"allow":["GET"]}}],"collection":[{"href":"https:\/\/www.elsindical.com.ar\/notas\/wp-json\/wp\/v2\/posts"}],"about":[{"href":"https:\/\/www.elsindical.com.ar\/notas\/wp-json\/wp\/v2\/types\/post"}],"author":[{"embeddable":true,"href":"https:\/\/www.elsindical.com.ar\/notas\/wp-json\/wp\/v2\/users\/1"}],"replies":[{"embeddable":true,"href":"https:\/\/www.elsindical.com.ar\/notas\/wp-json\/wp\/v2\/comments?post=60723"}],"version-history":[{"count":1,"href":"https:\/\/www.elsindical.com.ar\/notas\/wp-json\/wp\/v2\/posts\/60723\/revisions"}],"predecessor-version":[{"id":60725,"href":"https:\/\/www.elsindical.com.ar\/notas\/wp-json\/wp\/v2\/posts\/60723\/revisions\/60725"}],"wp:attachment":[{"href":"https:\/\/www.elsindical.com.ar\/notas\/wp-json\/wp\/v2\/media?parent=60723"}],"wp:term":[{"taxonomy":"category","embeddable":true,"href":"https:\/\/www.elsindical.com.ar\/notas\/wp-json\/wp\/v2\/categories?post=60723"},{"taxonomy":"post_tag","embeddable":true,"href":"https:\/\/www.elsindical.com.ar\/notas\/wp-json\/wp\/v2\/tags?post=60723"}],"curies":[{"name":"wp","href":"https:\/\/api.w.org\/{rel}","templated":true}]}}