{"id":60608,"date":"2016-07-08T13:32:24","date_gmt":"2016-07-08T16:32:24","guid":{"rendered":"http:\/\/www.elsindical.com.ar\/notas\/?p=60608"},"modified":"2016-07-08T13:32:24","modified_gmt":"2016-07-08T16:32:24","slug":"duenas-de-su-madre-una-historia-de-dolor","status":"publish","type":"post","link":"https:\/\/www.elsindical.com.ar\/notas\/duenas-de-su-madre-una-historia-de-dolor\/","title":{"rendered":"Due\u00f1as de su madre, una historia de dolor"},"content":{"rendered":"<p><a href=\"http:\/\/www.elsindical.com.ar\/notas\/var\/www\/html\/notas\/wp-content\/uploads\/2016\/07\/perfil-Cristina-Loza.jpg\"><img loading=\"lazy\" decoding=\"async\" class=\"alignnone size-medium wp-image-60609\" src=\"http:\/\/www.elsindical.com.ar\/notas\/var\/www\/html\/notas\/wp-content\/uploads\/2016\/07\/perfil-Cristina-Loza-300x197.jpg\" alt=\"perfil-Cristina-Loza\" width=\"300\" height=\"197\" srcset=\"https:\/\/www.elsindical.com.ar\/notas\/var\/www\/html\/notas\/wp-content\/uploads\/2016\/07\/perfil-Cristina-Loza-300x197.jpg 300w, https:\/\/www.elsindical.com.ar\/notas\/var\/www\/html\/notas\/wp-content\/uploads\/2016\/07\/perfil-Cristina-Loza-456x300.jpg 456w, https:\/\/www.elsindical.com.ar\/notas\/var\/www\/html\/notas\/wp-content\/uploads\/2016\/07\/perfil-Cristina-Loza.jpg 738w\" sizes=\"auto, (max-width: 300px) 100vw, 300px\" \/><\/a>\u00a0<em>Hace ya unos cuatro a\u00f1os, conoc\u00ed a la \u201cabuela Maruja\u201d una espa\u00f1ola llena de vida apesar de que el comentario de todos era que ni ella sab\u00eda su real edad, tiene m\u00e1s de 90, pero ella siempre se quita a\u00f1os, la vitalidad de esta mujer deslumbraba a todos en las reuniones, cantaba, bailaba y daba consejos sin preocuparse si ca\u00edan bien o no, \u201cno tiene filtro dec\u00edan\u201d, frontal, con un amor enorme por su gran familia.<\/em><\/p>\n<p>Debo confesar que esa mujer era un ejemplo de fuerza y decisi\u00f3n, solo comparado con su amor, ese amor de madre, de abuela, de bisabuela, charlar con ella siempre fue un placer, por su inagotable cantidad de an\u00e9cdotas, por su experiencia de vida, porque se tuvo que reponer a casi todo lo que a otros los hunde, no la detuvo nada, ni un c\u00e1ncer, cuando viv\u00eda su compa\u00f1ero, Eliseo, el amor de su vida, mientras pudieron no dejaron un fin de semana sin ir a bailar, un amor de esos que hoy no se encuentran, amores que resisten todo, que son terrenales, pero que se viven con el coraz\u00f3n abierto.<\/p>\n<p>As\u00ed, yo conoc\u00ed a Mar\u00eda Pallares Molina, como a todos, los a\u00f1os fueron trayendo a su vida algunos inconvenientes, su salud se volvi\u00f3 m\u00e1s fr\u00e1gil, el olvido de algunos nombres se acentu\u00f3, pero nunca dej\u00f3 de esforzarse para mantener una charla, para hacer sentir bien a su invitado y obvio nunca dej\u00f3 de contar alguna historia, su constante preocupaci\u00f3n eran sus tres hijas, la Loly, Cristina y Susana, los a\u00f1os no hicieron que su instinto de madre se agotara, as\u00ed como se las arregl\u00f3 para criarlas y trabajar en la f\u00e1brica, para poder comprar su casa junto a su marido, no dej\u00f3 nunca de velar por ellas.<\/p>\n<p>Hay quienes dicen que se educa con el ejemplo, idea que comparto, pero siempre existe una excepci\u00f3n a toda regla.<\/p>\n<p>Cuando Maruja enviud\u00f3, no solo perdi\u00f3 a su compa\u00f1ero, las reuniones familiares para comer todos juntos se terminaron, ya las visitas fueron m\u00e1s espaciadas y los llamados a sus hijas Cristina y Susana, preguntando cu\u00e1ndo ir\u00edan a verla comenzaron a incomodar.<\/p>\n<p>Un par de ca\u00eddas encendieron la alerta, Maruja necesitaba cuidados, controles y alguien que la asista en su casa, siempre fue muy independiente, pero faltaban varios estudios para saber si su salud se hab\u00eda deteriorado o necesitaba alg\u00fan tratamiento espec\u00edfico.<\/p>\n<p>Loly, su hija m\u00e1s fr\u00e1gil, se hizo cargo de acompa\u00f1ar a su madre, con las limitaciones f\u00edsicas que posee, con una discapacidad, no dudo en compartir sus d\u00edas con quien le diera la vida y la cuidara como una leona.<\/p>\n<p>Pero la convivencia tiene sus bemoles y cuando Loly planteo la necesidad de que alguien las ayude a sus hermanas, estas que pasaron 6 meses despreocupadas de su madre, se incomodaron. Entonces planearon ellas en internar en un geri\u00e1trico a la \u201cvieja\u201d, la excusa que iba a estar mejor en un lugar as\u00ed, para eso, Cristina Emilia Loza junto a su hermana Susana Beatr\u00edz Loza, tomaron la decisi\u00f3n de internar a su madre sin respetar el consentimiento y el dolor de Loly y sus nietas.<\/p>\n<p>La \u00faltima semana de junio visit\u00e9 en dos oportunidades a Maruja, ya sab\u00eda que sus dos hijas la quer\u00edan internar y lloraba por su hija Loly, ella no quer\u00eda internarse, pero tampoco se sent\u00eda con \u00e1nimo de enfrentar a sus hijas, cont\u00f3 que le dijeron que le iban a mostrar el lugar y que si no le gustaba iban a mirar otros, me confes\u00f3 que no les cre\u00eda, pero que son sus hijas y no pod\u00eda pensar mal.<\/p>\n<p>El 24 de junio, era d\u00eda de cobro de Maruja, la llevaron a cobrar la jubilaci\u00f3n y la pensi\u00f3n, ambas hijas se repartieron 9 mil pesos que ten\u00eda Maruja en una cartera y luego de llevarla a almorzar, con un enga\u00f1o, lo llevaron a la \u201cResidencia Geri\u00e1trica Nuestros Mayores\u201d, donde mientras uno pague los 20 mil pesos mensuales, puede internar y hasta disponer en contra de lo que estable la Ley, las visitas del familiar internado, a partir de all\u00ed, Maruja, dej\u00f3 de ser Maruja, le prohibieron las visitas salvo las que autorizan de forma arbitraria e ilegal Cristina y Susana, pas\u00f3 de ser una mujer mayor con signos t\u00edpicos de la edad pero autosuficiente a estar dormida por la sedaci\u00f3n, a que la muevan en silla de ruedas y con pa\u00f1ales.<\/p>\n<p>El geri\u00e1trico no ha aportado ninguna informaci\u00f3n p\u00fablica para tranquilidad de los que se interesan por este tipo de instituciones.<\/p>\n<p>Le promet\u00ed a Maruja que har\u00eda todo lo que este a mi alcance si la internaban contra su voluntad.<\/p>\n<p>Siempre escribo sobre pedidos de justicia, hoy yo pido justicia para Maruja.<\/p>\n<p>El video que acompa\u00f1a esta nota es del \u00faltimo cumplea\u00f1os que Maruja festej\u00f3 en familia, porque para ella su familia no fueron nunca dos de sus hijas, sino las tres hijas, sus nietos, las parejas de sus nietas, de sus hijas, una familia amplia como su coraz\u00f3n, hoy esa vitalidad se apaga por una decisi\u00f3n poco sana, justamente aduciendo que no est\u00e1 bien, yo no v\u00ed nunca una persona con rasgos de demencia, vi una mujer llena de vida, con mucho por contar y si confundir nombres o tener lagunas es de dementes que merecen estar encerrados, prefiero disfrutar de escuchar una vez m\u00e1s historias, que compartir un momento con personas que demuestran ego\u00edsmo y una soberbia asesina, yo las acuso Cristina Emilia Loza DNI 14.647.481\u00a0y Susana Beatriz Loza\u00a0DNI 13.855.555 de matar los momentos de lucidez de Maruja, de elegir 24 horas de medicaci\u00f3n que le quitan voluntad, hay crimenes que la justicia no juzga, pero que la memoria no perdona.<\/p>\n<p><a href=\"http:\/\/www.elsindical.com.ar\/notas\/var\/www\/html\/notas\/wp-content\/uploads\/2016\/07\/Susana-y-Cristina.jpg\"><img loading=\"lazy\" decoding=\"async\" class=\"alignnone size-medium wp-image-60610\" src=\"http:\/\/www.elsindical.com.ar\/notas\/var\/www\/html\/notas\/wp-content\/uploads\/2016\/07\/Susana-y-Cristina-300x201.jpg\" alt=\"Susana-y-Cristina\" width=\"300\" height=\"201\" srcset=\"https:\/\/www.elsindical.com.ar\/notas\/var\/www\/html\/notas\/wp-content\/uploads\/2016\/07\/Susana-y-Cristina-300x201.jpg 300w, https:\/\/www.elsindical.com.ar\/notas\/var\/www\/html\/notas\/wp-content\/uploads\/2016\/07\/Susana-y-Cristina-448x300.jpg 448w, https:\/\/www.elsindical.com.ar\/notas\/var\/www\/html\/notas\/wp-content\/uploads\/2016\/07\/Susana-y-Cristina.jpg 620w\" sizes=\"auto, (max-width: 300px) 100vw, 300px\" \/><\/a><\/p>\n<p><iframe loading=\"lazy\" src=\"https:\/\/www.youtube.com\/embed\/2YH4YBpYzGE\" width=\"580\" height=\"420\" frameborder=\"0\" allowfullscreen=\"allowfullscreen\"><\/iframe><\/p>\n<p><strong>Por Marcelo Ricardo Hawrylciw<\/strong><\/p>\n","protected":false},"excerpt":{"rendered":"<p>\u00a0Hace ya unos cuatro a\u00f1os, conoc\u00ed a la \u201cabuela Maruja\u201d una espa\u00f1ola llena de vida apesar de que el comentario de todos era que ni ella sab\u00eda su real edad, tiene m\u00e1s de 90, pero ella siempre se quita a\u00f1os, la vitalidad de esta mujer deslumbraba a todos en las reuniones, cantaba, bailaba y daba&hellip;<\/p>\n","protected":false},"author":1,"featured_media":0,"comment_status":"open","ping_status":"open","sticky":false,"template":"","format":"standard","meta":{"footnotes":""},"categories":[10],"tags":[23903,23902,23811,23904],"class_list":["post-60608","post","type-post","status-publish","format-standard","hentry","category-editorial","tag-cristina-emilia-loza","tag-maruja","tag-residencia-geriatrica-nuestros-mayores","tag-susana-beatriz-loza"],"_links":{"self":[{"href":"https:\/\/www.elsindical.com.ar\/notas\/wp-json\/wp\/v2\/posts\/60608","targetHints":{"allow":["GET"]}}],"collection":[{"href":"https:\/\/www.elsindical.com.ar\/notas\/wp-json\/wp\/v2\/posts"}],"about":[{"href":"https:\/\/www.elsindical.com.ar\/notas\/wp-json\/wp\/v2\/types\/post"}],"author":[{"embeddable":true,"href":"https:\/\/www.elsindical.com.ar\/notas\/wp-json\/wp\/v2\/users\/1"}],"replies":[{"embeddable":true,"href":"https:\/\/www.elsindical.com.ar\/notas\/wp-json\/wp\/v2\/comments?post=60608"}],"version-history":[{"count":1,"href":"https:\/\/www.elsindical.com.ar\/notas\/wp-json\/wp\/v2\/posts\/60608\/revisions"}],"predecessor-version":[{"id":60611,"href":"https:\/\/www.elsindical.com.ar\/notas\/wp-json\/wp\/v2\/posts\/60608\/revisions\/60611"}],"wp:attachment":[{"href":"https:\/\/www.elsindical.com.ar\/notas\/wp-json\/wp\/v2\/media?parent=60608"}],"wp:term":[{"taxonomy":"category","embeddable":true,"href":"https:\/\/www.elsindical.com.ar\/notas\/wp-json\/wp\/v2\/categories?post=60608"},{"taxonomy":"post_tag","embeddable":true,"href":"https:\/\/www.elsindical.com.ar\/notas\/wp-json\/wp\/v2\/tags?post=60608"}],"curies":[{"name":"wp","href":"https:\/\/api.w.org\/{rel}","templated":true}]}}