{"id":60590,"date":"2016-07-08T00:51:27","date_gmt":"2016-07-08T03:51:27","guid":{"rendered":"http:\/\/www.elsindical.com.ar\/notas\/?p=60590"},"modified":"2016-07-08T00:51:27","modified_gmt":"2016-07-08T03:51:27","slug":"edicion-impresa-diario-el-sindical-no-19-mes-de-julio-2016","status":"publish","type":"post","link":"https:\/\/www.elsindical.com.ar\/notas\/edicion-impresa-diario-el-sindical-no-19-mes-de-julio-2016\/","title":{"rendered":"Edici\u00f3n impresa Diario El Sindical N\u00ba 19 mes de julio 2016"},"content":{"rendered":"<p><a href=\"http:\/\/www.elsindical.com.ar\/notas\/var\/www\/html\/notas\/wp-content\/uploads\/2016\/07\/Tapa-edici\u00f3n-N\u00ba-19.jpg\"><img loading=\"lazy\" decoding=\"async\" class=\"alignnone size-medium wp-image-60591\" src=\"http:\/\/www.elsindical.com.ar\/notas\/var\/www\/html\/notas\/wp-content\/uploads\/2016\/07\/Tapa-edici\u00f3n-N\u00ba-19-209x300.jpg\" alt=\"Tapa-edici\u00f3n-N\u00ba-19\" width=\"209\" height=\"300\" srcset=\"https:\/\/www.elsindical.com.ar\/notas\/var\/www\/html\/notas\/wp-content\/uploads\/2016\/07\/Tapa-edici\u00f3n-N\u00ba-19-209x300.jpg 209w, https:\/\/www.elsindical.com.ar\/notas\/var\/www\/html\/notas\/wp-content\/uploads\/2016\/07\/Tapa-edici\u00f3n-N\u00ba-19.jpg 620w\" sizes=\"auto, (max-width: 209px) 100vw, 209px\" \/><\/a>Edici\u00f3n online en PDF correspondiente al mes de julio del 2016, con todas las noticias que los otros medios no te cuentan o \u00abmaquillan\u00bb, periodismo frontal, de investigaci\u00f3n, periodismo social.<\/p>\n<p>En este edici\u00f3n nos introducimos en el mundo de los geri\u00e1tricos, sin controles, sin cumplir la Ley, con abusos de familiares sin sentimientos, con un Estado corrupto.<\/p>\n<p><a href=\"https:\/\/drive.google.com\/file\/d\/0B0rmf0I_BKfBX29TdjY3TGZGVHM\/view?usp=sharing\"><span style=\"color: #006699;\"><strong>Edici\u00f3n en PDF, para leer, descargar o imprimir<\/strong><\/span> <\/a><\/p>\n<p>&nbsp;<\/p>\n","protected":false},"excerpt":{"rendered":"<p>Edici\u00f3n online en PDF correspondiente al mes de julio del 2016, con todas las noticias que los otros medios no te cuentan o \u00abmaquillan\u00bb, periodismo frontal, de investigaci\u00f3n, periodismo social. En este edici\u00f3n nos introducimos en el mundo de los geri\u00e1tricos, sin controles, sin cumplir la Ley, con abusos de familiares sin sentimientos, con un&hellip;<\/p>\n","protected":false},"author":1,"featured_media":0,"comment_status":"open","ping_status":"open","sticky":false,"template":"","format":"standard","meta":{"footnotes":""},"categories":[20956],"tags":[21168,19431,21811,1455,23117],"class_list":["post-60590","post","type-post","status-publish","format-standard","hentry","category-ediciones-impresas","tag-edicion-impresa","tag-geriatricos","tag-julio","tag-noticias","tag-pdf"],"_links":{"self":[{"href":"https:\/\/www.elsindical.com.ar\/notas\/wp-json\/wp\/v2\/posts\/60590","targetHints":{"allow":["GET"]}}],"collection":[{"href":"https:\/\/www.elsindical.com.ar\/notas\/wp-json\/wp\/v2\/posts"}],"about":[{"href":"https:\/\/www.elsindical.com.ar\/notas\/wp-json\/wp\/v2\/types\/post"}],"author":[{"embeddable":true,"href":"https:\/\/www.elsindical.com.ar\/notas\/wp-json\/wp\/v2\/users\/1"}],"replies":[{"embeddable":true,"href":"https:\/\/www.elsindical.com.ar\/notas\/wp-json\/wp\/v2\/comments?post=60590"}],"version-history":[{"count":2,"href":"https:\/\/www.elsindical.com.ar\/notas\/wp-json\/wp\/v2\/posts\/60590\/revisions"}],"predecessor-version":[{"id":60593,"href":"https:\/\/www.elsindical.com.ar\/notas\/wp-json\/wp\/v2\/posts\/60590\/revisions\/60593"}],"wp:attachment":[{"href":"https:\/\/www.elsindical.com.ar\/notas\/wp-json\/wp\/v2\/media?parent=60590"}],"wp:term":[{"taxonomy":"category","embeddable":true,"href":"https:\/\/www.elsindical.com.ar\/notas\/wp-json\/wp\/v2\/categories?post=60590"},{"taxonomy":"post_tag","embeddable":true,"href":"https:\/\/www.elsindical.com.ar\/notas\/wp-json\/wp\/v2\/tags?post=60590"}],"curies":[{"name":"wp","href":"https:\/\/api.w.org\/{rel}","templated":true}]}}