{"id":60588,"date":"2016-07-08T00:16:51","date_gmt":"2016-07-08T03:16:51","guid":{"rendered":"http:\/\/www.elsindical.com.ar\/notas\/?p=60588"},"modified":"2016-07-08T00:16:51","modified_gmt":"2016-07-08T03:16:51","slug":"efemerides-del-dia-8-de-julio-2","status":"publish","type":"post","link":"https:\/\/www.elsindical.com.ar\/notas\/efemerides-del-dia-8-de-julio-2\/","title":{"rendered":"EFEM\u00c9RIDES: DEL D\u00cdA 8 DE JULIO"},"content":{"rendered":"<p>\u2013 D\u00eda de Santa Isabel, Reina.<\/p>\n<p>\u2013 D\u00eda de San Isa\u00edas, Profeta.<\/p>\n<p>0810 \u2013 muere Pepino, hijo de Carlomagno, rey de Italia.<\/p>\n<p>1528 \u2013 nace Emanuel Filiberto de Saboya.<\/p>\n<p>1538 \u2013 ejecutan en Per\u00fa a Diego de Almagro, conquistador espa\u00f1ol.<\/p>\n<p>1621 \u2013 Nace Jean de la Fontaine, poeta y fabulista franc\u00e9s.<\/p>\n<p>1770 \u2013 Por primera vez se lee, en Nueva York y en presencia de George Washington, la declaraci\u00f3n de independencia de los EEUU.<\/p>\n<p>1796 \u2013 el State Department de los Estados Unidos expide el primer pasaporte.<\/p>\n<p>1814 \u2013 nace el Gral. Mart\u00edn de Gainza, militar y pol\u00edtico argentino.<\/p>\n<p>1822 \u2013 muere Percy Bysshe Shelley, poeta brit\u00e1nica.<\/p>\n<p>1835 \u2013 Estalla una insurrecci\u00f3n en Caracas contra el presidente Jos\u00e9 Mar\u00eda Vargas.<\/p>\n<p>1838 \u2013 se funda en Buenos Aires la Asociaci\u00f3n de Mayo, originada de la librer\u00eda de Marcos Sastre.<\/p>\n<p>1838 \u2013 nace Ferdinand Graf von Zeppelin, inventor de los diribles de su nombre.<\/p>\n<p>1839 \u2013 nace John D. Rockefeller, empresario estadounidense.<\/p>\n<p>1846 \u2013 el comodoro John Montgomery iza la bandera estadounidense en San Francisco, tomando as\u00ed posesi\u00f3n de esa comarca de California, arrebatada a los mexicanos.<\/p>\n<p>1870 \u2013 El Congreso estadounidense autoriza el registro de marcas comerciales.<\/p>\n<p>1878 \u2013 muere el m\u00fasico argentino Juan Pedro Esnaola.<\/p>\n<p>1884 \u2013 se sanciona la Ley 1420 de Educaci\u00f3n Com\u00fan, que instituye la ense\u00f1anza obligatoria, gratuita y laica para todos los ni\u00f1os argentinos de 6 a 14 a\u00f1os.<\/p>\n<p>1884 \u2013 se aprueba el proyecto de creaci\u00f3n, como ente aut\u00e1rquico, del Consejo Nacional de Educaci\u00f3n.<\/p>\n<p>1889 \u2013 se publica el primer n\u00famero de \u201cThe Wall Street Journal\u201d.<\/p>\n<p>1893 \u2013 se firma el tratado de limites entre M\u00e9xico y Honduras brit\u00e1nica, que reconoce la soberan\u00eda del Reino Unido en Belice.<\/p>\n<p>1905 \u2013 La rebelde tripulaci\u00f3n del acorazado ruso \u201cPotemkin\u201d se entrega a las autoridades rumanas.<\/p>\n<p>1908 \u2013 nace Nelson Aldrich Rockefeller, pol\u00edtico estadounidense.<\/p>\n<p>1918 \u2013 Ernest Hemingway es severamente herido en el frente del Piave, donde era voluntario.<\/p>\n<p>1932 \u2013 Se produce en Trujillo (Per\u00fa) un alzamiento comunista.<\/p>\n<p>1943 \u2013 un incendio destruye la tienda Las Filipinas de la ciudad de Buenos Aires.<\/p>\n<p>1950 \u2013 el General Douglas MacArthur es nombrado comandante en jefe de las tropas en Corea.<\/p>\n<p>1951 \u2013 nace Anjelica Huston, actriz.<\/p>\n<p>1951 \u2013 nace Andy Fletcher, m\u00fasico de rock.<\/p>\n<p>1953 \u2013 los sovi\u00e9ticos bloquean la libre circulaci\u00f3n entre los barrios este y oeste de Berl\u00edn.<\/p>\n<p>1957 \u2013 muere William Cadbury, empresario, creador de los chocolates que llevan su apellido.<\/p>\n<p>1958 \u2013 nace el actor Kevin Bacon, actor estadounidense.<\/p>\n<p>1961 \u2013 Primeras manifestaciones violentas en la Rep\u00fablica Dominicana contra la dictadura del presidente Balaguer.<\/p>\n<p>1969 \u2013 Thor Heyerdahl y la RA II llegan a Barbados luego de 57 d\u00edas de navegaci\u00f3n desde Marruecos.<\/p>\n<p>1969 \u2013 comienza la retirada de tropas estadounidenses en Viet Nam.<\/p>\n<p>1971 \u2013 Violento terremoto en Chile que causa la muerte de un centenar de personas.<\/p>\n<p>1978 \u2013 el tenista sueco Bjorn Borg consigue su tercer t\u00edtulo consecutivo en Wimbledon.<\/p>\n<p>1982 \u2013 Jorge Blanco es proclamado presidente de la Rep\u00fablica Dominicana.<\/p>\n<p>1984 \u2013 el tenista estadounidense John McEnroe vence a su compatriota Jimmy Connors en la final de Wimbledon.<\/p>\n<p>1984 \u2013 Bolivia suspende el pago de su deuda externa.<\/p>\n<p>1984 \u2013 muere Claudio S\u00e1nchez Albornoz, historiador espa\u00f1ol.<\/p>\n<p>1987 \u2013 muere Gerardo Diego, poeta espa\u00f1ol.<\/p>\n<p>1984 \u2013 muere Elba de Padua Lima \u201cTim\u201d, ex futbolista y director t\u00e9cnico brasile\u00f1o.<\/p>\n<p>1989 \u2013 Carlos Sa\u00fal Menem asume la presidencia de la Naci\u00f3n Argentina.<\/p>\n<p>1990 \u2013 Alemania Federal vence a la Argentina por 1-0 y conquista la XIV Copa del Mundo, en estadio Ol\u00edmpico de Roma, Italia.<\/p>\n<p>1990 \u2013 el tenista Stefan Edberg derrota a Boris Becker en la final de Wimbledon.<\/p>\n<p>1995 \u2013 Carlos Menem empieza su segundo r\u00e9gimen presidencial en la Argentina.<\/p>\n<p>1999 \u2013 Graves disturbios en Ir\u00e1n a causa de las protestas estudiantiles en favor de la libertad y la democracia.<\/p>\n<p>2005 \u2013 en Singapur, el Comit\u00e9 Ol\u00edmpico Internacional aprueba la exclusi\u00f3n de b\u00e9isbol y s\u00f3ftbol de los Juegos Ol\u00edmpicos de Londres 2012.<\/p>\n<p>2006 \u2013 muere Ana Mar\u00eda Campoy, actriz argentina.<\/p>\n<p>2008 \u2013 muere Sixto R\u00edos, matem\u00e1tico espa\u00f1ol.<\/p>\n<p>2010 \u2013 muere Juan Carlos Rousselot, periodista, presentador de radio y televisi\u00f3n y pol\u00edtico argentino.<\/p>\n<p>2011 \u2013 muere Betty Ford, primera dama estadounidense.<\/p>\n<p>2012 \u2013 muere Ernest Borgnine, actor estadounidense de origen italiano.<\/p>\n<p>2013 \u2013 muere Joaqu\u00edn Pi\u00f1a, jesuita y obispo hispano-argentino.<\/p>\n<p>2014 \u2013 en el partido semifinal entre las selecciones de Alemania y Brasil de la Copa Mundial de F\u00fatbol 2014, el jugador alem\u00e1n Miroslav Klose se convierte en el m\u00e1ximo goleador de la historia de las copas mundiales, tras anotar su gol 16, en una goleada hist\u00f3rica de 7 a 1 sobre la selecci\u00f3n de Brasil.<\/p>\n<p>2014 \u2013 en la semifinal de la Copa Mundial de F\u00fatbol, Alemania califica a la final tras golear 7 a 1 a Brasil, pa\u00eds anfitri\u00f3n del mundial de f\u00fatbol y 5 veces campe\u00f3n del mundo.<\/p>\n<p>2014 \u2013 se retira la multicampeona femenina estadounidense Mickie James.<\/p>\n","protected":false},"excerpt":{"rendered":"<p>\u2013 D\u00eda de Santa Isabel, Reina. \u2013 D\u00eda de San Isa\u00edas, Profeta. 0810 \u2013 muere Pepino, hijo de Carlomagno, rey de Italia. 1528 \u2013 nace Emanuel Filiberto de Saboya. 1538 \u2013 ejecutan en Per\u00fa a Diego de Almagro, conquistador espa\u00f1ol. 1621 \u2013 Nace Jean de la Fontaine, poeta y fabulista franc\u00e9s. 1770 \u2013 Por primera&hellip;<\/p>\n","protected":false},"author":1,"featured_media":0,"comment_status":"open","ping_status":"open","sticky":false,"template":"","format":"standard","meta":{"footnotes":""},"categories":[14],"tags":[],"class_list":["post-60588","post","type-post","status-publish","format-standard","hentry","category-efemerides"],"_links":{"self":[{"href":"https:\/\/www.elsindical.com.ar\/notas\/wp-json\/wp\/v2\/posts\/60588","targetHints":{"allow":["GET"]}}],"collection":[{"href":"https:\/\/www.elsindical.com.ar\/notas\/wp-json\/wp\/v2\/posts"}],"about":[{"href":"https:\/\/www.elsindical.com.ar\/notas\/wp-json\/wp\/v2\/types\/post"}],"author":[{"embeddable":true,"href":"https:\/\/www.elsindical.com.ar\/notas\/wp-json\/wp\/v2\/users\/1"}],"replies":[{"embeddable":true,"href":"https:\/\/www.elsindical.com.ar\/notas\/wp-json\/wp\/v2\/comments?post=60588"}],"version-history":[{"count":1,"href":"https:\/\/www.elsindical.com.ar\/notas\/wp-json\/wp\/v2\/posts\/60588\/revisions"}],"predecessor-version":[{"id":60589,"href":"https:\/\/www.elsindical.com.ar\/notas\/wp-json\/wp\/v2\/posts\/60588\/revisions\/60589"}],"wp:attachment":[{"href":"https:\/\/www.elsindical.com.ar\/notas\/wp-json\/wp\/v2\/media?parent=60588"}],"wp:term":[{"taxonomy":"category","embeddable":true,"href":"https:\/\/www.elsindical.com.ar\/notas\/wp-json\/wp\/v2\/categories?post=60588"},{"taxonomy":"post_tag","embeddable":true,"href":"https:\/\/www.elsindical.com.ar\/notas\/wp-json\/wp\/v2\/tags?post=60588"}],"curies":[{"name":"wp","href":"https:\/\/api.w.org\/{rel}","templated":true}]}}