{"id":60586,"date":"2016-07-07T20:58:58","date_gmt":"2016-07-07T23:58:58","guid":{"rendered":"http:\/\/www.elsindical.com.ar\/notas\/?p=60586"},"modified":"2016-07-07T20:58:58","modified_gmt":"2016-07-07T23:58:58","slug":"quilmes-el-intendente-molina-acorralado-por-sus-propias-medidas","status":"publish","type":"post","link":"https:\/\/www.elsindical.com.ar\/notas\/quilmes-el-intendente-molina-acorralado-por-sus-propias-medidas\/","title":{"rendered":"Quilmes: El intendente Molina acorralado por sus propias medidas"},"content":{"rendered":"<p><a href=\"http:\/\/www.elsindical.com.ar\/notas\/var\/www\/html\/notas\/wp-content\/uploads\/2016\/01\/Martiniano-Molina-intendent.jpg\"><img loading=\"lazy\" decoding=\"async\" class=\"alignnone size-medium wp-image-56878\" src=\"http:\/\/www.elsindical.com.ar\/notas\/var\/www\/html\/notas\/wp-content\/uploads\/2016\/01\/Martiniano-Molina-intendent-300x205.jpg\" alt=\"Martiniano-Molina-intendent\" width=\"300\" height=\"205\" srcset=\"https:\/\/www.elsindical.com.ar\/notas\/var\/www\/html\/notas\/wp-content\/uploads\/2016\/01\/Martiniano-Molina-intendent-300x205.jpg 300w, https:\/\/www.elsindical.com.ar\/notas\/var\/www\/html\/notas\/wp-content\/uploads\/2016\/01\/Martiniano-Molina-intendent-440x300.jpg 440w, https:\/\/www.elsindical.com.ar\/notas\/var\/www\/html\/notas\/wp-content\/uploads\/2016\/01\/Martiniano-Molina-intendent.jpg 620w\" sizes=\"auto, (max-width: 300px) 100vw, 300px\" \/><\/a> <em>El intendente de Quilmes, Martiniano Molina, por estos momentos es v\u00edctima de sus propias medidas de gobierno que lo han llevado a recibir duras criticas de parte de empleados municipales,\u00a0oposici\u00f3n y sindicatos, el pico de gravedad tiene que ver con el despido de alrededor de 400 personas.<\/em><\/p>\n<p>Ante el grave conflicto interno generado por una gesti\u00f3n d\u00e9bil que solo se sostiene por el gran apoyo de la gobernaci\u00f3n bonaerense, Molina eval\u00faa dar marcha atr\u00e1s con los despidos en el municipio.<\/p>\n<p>El pasado 30 de junio se vencieron cerca de 700 contratos, de los cuales solamente se renovaron poco m\u00e1s de 300 de ellos. En ese sentido, desde la Asociaci\u00f3n de Trabajadores del Estado amenazaron al Intendente con parar la municipalidad y llevar adelante una huelga general.<\/p>\n","protected":false},"excerpt":{"rendered":"<p>El intendente de Quilmes, Martiniano Molina, por estos momentos es v\u00edctima de sus propias medidas de gobierno que lo han llevado a recibir duras criticas de parte de empleados municipales,\u00a0oposici\u00f3n y sindicatos, el pico de gravedad tiene que ver con el despido de alrededor de 400 personas. Ante el grave conflicto interno generado por una&hellip;<\/p>\n","protected":false},"author":1,"featured_media":0,"comment_status":"open","ping_status":"open","sticky":false,"template":"","format":"standard","meta":{"footnotes":""},"categories":[13],"tags":[53,4751,1833,22674,684,1095],"class_list":["post-60586","post","type-post","status-publish","format-standard","hentry","category-politica","tag-despidos","tag-gobernacion","tag-intendente","tag-martiniano-molina","tag-quilmes","tag-sindicatos"],"_links":{"self":[{"href":"https:\/\/www.elsindical.com.ar\/notas\/wp-json\/wp\/v2\/posts\/60586","targetHints":{"allow":["GET"]}}],"collection":[{"href":"https:\/\/www.elsindical.com.ar\/notas\/wp-json\/wp\/v2\/posts"}],"about":[{"href":"https:\/\/www.elsindical.com.ar\/notas\/wp-json\/wp\/v2\/types\/post"}],"author":[{"embeddable":true,"href":"https:\/\/www.elsindical.com.ar\/notas\/wp-json\/wp\/v2\/users\/1"}],"replies":[{"embeddable":true,"href":"https:\/\/www.elsindical.com.ar\/notas\/wp-json\/wp\/v2\/comments?post=60586"}],"version-history":[{"count":1,"href":"https:\/\/www.elsindical.com.ar\/notas\/wp-json\/wp\/v2\/posts\/60586\/revisions"}],"predecessor-version":[{"id":60587,"href":"https:\/\/www.elsindical.com.ar\/notas\/wp-json\/wp\/v2\/posts\/60586\/revisions\/60587"}],"wp:attachment":[{"href":"https:\/\/www.elsindical.com.ar\/notas\/wp-json\/wp\/v2\/media?parent=60586"}],"wp:term":[{"taxonomy":"category","embeddable":true,"href":"https:\/\/www.elsindical.com.ar\/notas\/wp-json\/wp\/v2\/categories?post=60586"},{"taxonomy":"post_tag","embeddable":true,"href":"https:\/\/www.elsindical.com.ar\/notas\/wp-json\/wp\/v2\/tags?post=60586"}],"curies":[{"name":"wp","href":"https:\/\/api.w.org\/{rel}","templated":true}]}}