{"id":60574,"date":"2016-07-07T18:17:33","date_gmt":"2016-07-07T21:17:33","guid":{"rendered":"http:\/\/www.elsindical.com.ar\/notas\/?p=60574"},"modified":"2017-01-04T18:47:40","modified_gmt":"2017-01-04T21:47:40","slug":"escandalo-de-corrupcion-en-la-policia-bonaerense-vidal-saco-de-funciones-a-200-policias","status":"publish","type":"post","link":"https:\/\/www.elsindical.com.ar\/notas\/escandalo-de-corrupcion-en-la-policia-bonaerense-vidal-saco-de-funciones-a-200-policias\/","title":{"rendered":"Purga en la Polic\u00eda Bonaerense, Vidal sac\u00f3 de funciones a 200 polic\u00edas"},"content":{"rendered":"<p><em><a href=\"http:\/\/www.elsindical.com.ar\/notas\/var\/www\/html\/notas\/wp-content\/uploads\/2016\/07\/Vidal-gesto.jpg\"><img loading=\"lazy\" decoding=\"async\" class=\"alignnone size-medium wp-image-60575\" src=\"http:\/\/www.elsindical.com.ar\/notas\/var\/www\/html\/notas\/wp-content\/uploads\/2016\/07\/Vidal-gesto-300x207.jpg\" alt=\"Vidal-gesto\" width=\"300\" height=\"207\" srcset=\"https:\/\/www.elsindical.com.ar\/notas\/var\/www\/html\/notas\/wp-content\/uploads\/2016\/07\/Vidal-gesto-300x207.jpg 300w, https:\/\/www.elsindical.com.ar\/notas\/var\/www\/html\/notas\/wp-content\/uploads\/2016\/07\/Vidal-gesto-436x300.jpg 436w, https:\/\/www.elsindical.com.ar\/notas\/var\/www\/html\/notas\/wp-content\/uploads\/2016\/07\/Vidal-gesto.jpg 620w\" sizes=\"auto, (max-width: 300px) 100vw, 300px\" \/><\/a>\u00a0 El ministerio de Seguridad que encabeza Cristian Ritondo dispuso el retiro obligatorio de personal de las Polic\u00edas de la Provincia de Buenos Aires, se\u00f1ala la disposici\u00f3n que lleva fecha 6 de Julio.<span class=\"Apple-converted-space\">\u00a0<\/span><\/em><\/p>\n<p>El art\u00edculo 1 reza: \u00abDisponer el pase a situaci\u00f3n de retiro obligatorio, a partir del dictado de la presente, del personal cuyos datos de individualizaci\u00f3n se consignan en el anexo \u00fanico\u00bb.<span class=\"Apple-converted-space\">\u00a0<\/span><\/p>\n<p>Entre los considerandos puede leerse que \u00abla adopci\u00f3n de la medida del pase a retiro obligatorio es una decisi\u00f3n de la administraci\u00f3n que encuadra en el marco de sus facultades discrecionales\u00bb.<\/p>\n<p>Ayer\u00a0la Gobernadora de la provincia de Buenos Aires orden\u00f3 realizar una auditoria sobre la planta de verificaci\u00f3n de autom\u00f3viles y el resultado de la investigaci\u00f3n ser\u00eda el retiro de dos centenares de miembros por casos de corrupci\u00f3n.<\/p>\n<p>Con los resultados a la vista, la investigaci\u00f3n realizada dio cuenta de mecanismos de corrupci\u00f3n deliberada en el \u00e1rea para \u201cuna caja\u201d paralela.<\/p>\n<p>Vale destacar que desde la asunci\u00f3n de la gesti\u00f3n de Cambiemos en la Provincia la relaci\u00f3n entre la mandataria y la c\u00fapula de la fuerza de seguridad se volvi\u00f3 m\u00e1s que tirante.<span class=\"Apple-converted-space\">\u00a0<\/span><\/p>\n<p>En el \u00faltimo mes, dos miembros fueron descubiertos en su despacho por la madrugada y revisando cajones de los escritorios. Por el hecho los dos polic\u00edas fueron removidos de su cargo, junto al jefe de la custodia de Vidal.<\/p>\n<p>Adem\u00e1s, el ministro de Gobierno bonaerense, Federico Salvai, fue v\u00edctima del amedentramiento de la bonaerense quienes irrumpieron en su residencia oficial en La Plata y revolvieron armarios, escritorios y cajones.<\/p>\n<p>Por su parte, el intendente de la capital provincial, el macrista Julio Garro, tambi\u00e9n recibi\u00f3 visitas de la bonaerense en su domicilio personal. Los efectivos ingresaron en la casa que el Jefe Comunal posee en el country Grand Bell al d\u00eda siguiente que la Gobernadora anunciar\u00e1 la obligatoriedad de las declaraciones juradas de los polic\u00edas.<\/p>\n<p>La lista:<span class=\"Apple-converted-space\">\u00a0<\/span><\/p>\n<p>Comisario Mayor (Comando)<br \/>\nPatricia Anahi Abaca<br \/>\nJuan Carlos Ag\u00fcero<br \/>\nAdri\u00e1n Carlos Castelli<br \/>\nJorge Antonio Cortez<br \/>\nFernando Javier De Souza<br \/>\nDar\u00edo Alberto Ferrero<br \/>\nFabio Guillermo Foieri<br \/>\nMarcelo Rub\u00e9n Freire<br \/>\nLeandro Dami\u00e1n Galuzzi<br \/>\nOscar Alfredo Olasagarre<br \/>\nMiguel \u00c1ngel Ostoich<br \/>\nGustavo Jos\u00e9 Ricardo<br \/>\nEnrique Luis Villavicencio<\/p>\n<p>Comisario Inspector (Comando)<br \/>\nDaniel Alberto Barrena<br \/>\nHoracio Ricardo Boto<br \/>\nGustavo Andr\u00e9s Castelluccio<br \/>\nMarcelo Ra\u00fal Cisneros<br \/>\nSergio Cesar Coscia<br \/>\nOsvaldo Andr\u00e9s Creado<br \/>\nMarisa Noem\u00ed D\u00b4El\u00eda<br \/>\nLuis Alfredo Fraihaut<br \/>\nLidia Marcela Garc\u00eda<br \/>\nJuan Antonio Go\u00f1i<br \/>\nMarcelo Javier Hern\u00e1ndez<br \/>\nAlfredo Francisco Lanzillota<br \/>\nEnrique Roberto Maldonado<br \/>\nDar\u00edo Esteban Mart\u00edn<br \/>\nFernando Enrique Mart\u00ednez<br \/>\nH\u00e9ctor Dar\u00edo Mazzola<br \/>\nGuillermo Leonardo Minghetti<br \/>\nJorge Eduardo Ochoaizpuro<br \/>\nOscar Alberto R\u00edos<br \/>\nIv\u00e1n Alejo Robadin<br \/>\nJorge Germ\u00e1n Rustom<br \/>\nRicardo Alberto Salinas<br \/>\nJuan Carlos Solis<br \/>\nJorge Abel Su\u00e1rez<br \/>\nWalter Carlos Gabriel Su\u00e1rez<br \/>\nLuis Alberto Torres<br \/>\nWalter Dar\u00edo Trucco<\/p>\n<p>Comisario (comando)<br \/>\nDar\u00edo Ricardo Cabrera<br \/>\nMarcelo Ram\u00f3n Cifuentes<br \/>\nWalter Dar\u00edo Cristaldo<br \/>\nLuis Omar D\u00b4Amico<br \/>\nLuis Humberto Gomes<br \/>\nJorge Alberto G\u00f3mez<br \/>\nJorge Antonio G\u00f3mez<br \/>\nEduardo Daniel Haggerty<br \/>\nDaniel Sergio Jim\u00e9nez<br \/>\nCarlos Hugo Antonio Loguercio<br \/>\nMiriam Sara Lungarzo<br \/>\nWalter Mateo Mariano<br \/>\nFabi\u00e1n Marcelo Mart\u00ednez<br \/>\nVicente Alberto Minieri<br \/>\nRolando Cesar Obreg\u00f3n<br \/>\nEibar Mario P\u00e9rez<br \/>\nPedro Daniel Rojas<br \/>\nMario Wenceslao Romero<br \/>\nRoberto Daniel Scarpin<br \/>\nFabi\u00e1n Ra\u00fal Silva<br \/>\nJorge Eduardo Tanoni<br \/>\nSergio Armando Zanardi<\/p>\n<p>Subcomisario (comando)<br \/>\nEl\u00edas Lajovchuk<br \/>\nCarlos Humberto Rodas<\/p>\n<p>Comisario Inspector (t\u00e9cnico)<br \/>\nSergio Gustavo Luj\u00e1n Bellome<\/p>\n<p>Subcomisario (t\u00e9cnico)<br \/>\nMar\u00eda Cecilia Aranda<\/p>\n<p>Comisario Inspector (administrativo)<br \/>\nRicardo H\u00e9ctor Torres<\/p>\n<p>Subcomisario (administrativo)<br \/>\nAlberto Luis Tricarico<\/p>\n<p>&nbsp;<\/p>\n<p>Muchos medios utilizaron la informaci\u00f3n de forma err\u00f3nea, como La Tecla ya que titularon que Vidal ech\u00f3 a los polic\u00edas, cuando la realidad es que la medida es una de las m\u00e1s beneficas administrativas si realmente son responsables de actos de corrupci\u00f3n, ya que lo correcto ser\u00eda aplicarles medidas como baja, exoneraci\u00f3n y denuncia penal.<\/p>\n","protected":false},"excerpt":{"rendered":"<p>\u00a0 El ministerio de Seguridad que encabeza Cristian Ritondo dispuso el retiro obligatorio de personal de las Polic\u00edas de la Provincia de Buenos Aires, se\u00f1ala la disposici\u00f3n que lleva fecha 6 de Julio.\u00a0 El art\u00edculo 1 reza: \u00abDisponer el pase a situaci\u00f3n de retiro obligatorio, a partir del dictado de la presente, del personal cuyos&hellip;<\/p>\n","protected":false},"author":1,"featured_media":0,"comment_status":"open","ping_status":"open","sticky":false,"template":"","format":"standard","meta":{"footnotes":""},"categories":[13],"tags":[10460,1451,14466,7265,23890,21251],"class_list":["post-60574","post","type-post","status-publish","format-standard","hentry","category-politica","tag-auditoria","tag-corrupcion","tag-cristian-ritondo","tag-maria-eugenia-vidal","tag-pase-a-retiro-obligatorio","tag-policia-de-la-provincia-de-buenos-aires"],"_links":{"self":[{"href":"https:\/\/www.elsindical.com.ar\/notas\/wp-json\/wp\/v2\/posts\/60574","targetHints":{"allow":["GET"]}}],"collection":[{"href":"https:\/\/www.elsindical.com.ar\/notas\/wp-json\/wp\/v2\/posts"}],"about":[{"href":"https:\/\/www.elsindical.com.ar\/notas\/wp-json\/wp\/v2\/types\/post"}],"author":[{"embeddable":true,"href":"https:\/\/www.elsindical.com.ar\/notas\/wp-json\/wp\/v2\/users\/1"}],"replies":[{"embeddable":true,"href":"https:\/\/www.elsindical.com.ar\/notas\/wp-json\/wp\/v2\/comments?post=60574"}],"version-history":[{"count":4,"href":"https:\/\/www.elsindical.com.ar\/notas\/wp-json\/wp\/v2\/posts\/60574\/revisions"}],"predecessor-version":[{"id":64444,"href":"https:\/\/www.elsindical.com.ar\/notas\/wp-json\/wp\/v2\/posts\/60574\/revisions\/64444"}],"wp:attachment":[{"href":"https:\/\/www.elsindical.com.ar\/notas\/wp-json\/wp\/v2\/media?parent=60574"}],"wp:term":[{"taxonomy":"category","embeddable":true,"href":"https:\/\/www.elsindical.com.ar\/notas\/wp-json\/wp\/v2\/categories?post=60574"},{"taxonomy":"post_tag","embeddable":true,"href":"https:\/\/www.elsindical.com.ar\/notas\/wp-json\/wp\/v2\/tags?post=60574"}],"curies":[{"name":"wp","href":"https:\/\/api.w.org\/{rel}","templated":true}]}}